{"id":18253,"date":"2026-04-25T00:16:00","date_gmt":"2026-04-25T03:16:00","guid":{"rendered":"https:\/\/infoglobalsur.ar\/?p=18253"},"modified":"2026-04-24T12:24:09","modified_gmt":"2026-04-24T15:24:09","slug":"educacion-justicia-y-seguridad-unifican-criterios-para-el-acompanamiento-de-la-comunidad-educativa","status":"publish","type":"post","link":"https:\/\/infoglobalsur.ar\/?p=18253","title":{"rendered":"Educaci\u00f3n, Justicia y Seguridad unifican criterios para el acompa\u00f1amiento de la comunidad educativa"},"content":{"rendered":"\n<p>El Gobierno de la Provincia avanz\u00f3 en una agenda de articulaci\u00f3n interinstitucional orientada a fortalecer los mecanismos de prevenci\u00f3n, intervenci\u00f3n y acompa\u00f1amiento para la comunidad educativa.<\/p>\n\n\n\n<p>El encuentro se enmarca en una l\u00ednea de trabajo sostenida que busca consolidar herramientas ya vigentes, y potenciar su implementaci\u00f3n a partir de una mayor coordinaci\u00f3n entre los organismos intervinientes, optimizando los tiempos de respuesta y unificando criterios de actuaci\u00f3n.<\/p>\n\n\n\n<p>Uno de los puntos centrales fue la coordinaci\u00f3n para agilizar los esquemas de prevenci\u00f3n entre cada establecimiento educativo y la comisar\u00eda de su jurisdicci\u00f3n, mediante un sistema de rondas peri\u00f3dicas con presencia policial efectiva y control preventivo en los horarios de ingreso, egreso y durante la jornada escolar.<\/p>\n\n\n\n<p>En ese marco, tambi\u00e9n se avanz\u00f3 en el desarrollo de una campa\u00f1a integral de concientizaci\u00f3n y prevenci\u00f3n en las instituciones educativas, que ser\u00e1 implementada de manera articulada y validada por los distintos actores institucionales. Tendr\u00e1 como eje el trabajo con estudiantes y la comunidad educativa, a trav\u00e9s de acciones en escuelas, centros de estudiantes y espacios de encuentro con las familias.<\/p>\n\n\n\n<p>Al respecto, el ministro de Educaci\u00f3n, Pablo L\u00f3pez Silva, destac\u00f3 \u201cla importancia de sostener estos espacios de trabajo conjunto como parte de una pol\u00edtica p\u00fablica integral que prioriza la prevenci\u00f3n, la coordinaci\u00f3n institucional y el acompa\u00f1amiento de la comunidad\u201d.<\/p>\n\n\n\n<p>\u200bPor otra parte, tambi\u00e9n se abordaron iniciativas orientadas a ampliar el acceso a derechos en distintos puntos de la provincia, como el desarrollo de herramientas que permitan acercar servicios de justicia a comunidades alejadas, como Almanza, facilitando la realizaci\u00f3n de tr\u00e1mites y denuncias a trav\u00e9s de plataformas digitales.<\/p>\n\n\n\n<p>Participaron del encuentro el ministro de Educaci\u00f3n, Pablo L\u00f3pez Silva; el viceministro de Coordinaci\u00f3n de Gabinete, Gonzalo Valenzuela; el jefe de la Polic\u00eda Provincial, Jacinto Rol\u00f3n; el comisario general licenciado Oscar A. Barrios Kogan; el secretario de Superintendencia y Administraci\u00f3n del Superior Tribunal de Justicia de Tierra del Fuego, Luis Mar\u00eda Palma; y la Dra. Jessica Name, titular de Acceso a Justicia.<\/p>\n","protected":false},"excerpt":{"rendered":"<p>El Gobierno de la Provincia avanz\u00f3 en una agenda de articulaci\u00f3n interinstitucional orientada a fortalecer&#8230;<\/p>\n","protected":false},"author":1,"featured_media":18254,"comment_status":"open","ping_status":"open","sticky":true,"template":"","format":"standard","meta":{"footnotes":""},"categories":[1],"tags":[],"_links":{"self":[{"href":"https:\/\/infoglobalsur.ar\/index.php?rest_route=\/wp\/v2\/posts\/18253"}],"collection":[{"href":"https:\/\/infoglobalsur.ar\/index.php?rest_route=\/wp\/v2\/posts"}],"about":[{"href":"https:\/\/infoglobalsur.ar\/index.php?rest_route=\/wp\/v2\/types\/post"}],"author":[{"embeddable":true,"href":"https:\/\/infoglobalsur.ar\/index.php?rest_route=\/wp\/v2\/users\/1"}],"replies":[{"embeddable":true,"href":"https:\/\/infoglobalsur.ar\/index.php?rest_route=%2Fwp%2Fv2%2Fcomments&post=18253"}],"version-history":[{"count":1,"href":"https:\/\/infoglobalsur.ar\/index.php?rest_route=\/wp\/v2\/posts\/18253\/revisions"}],"predecessor-version":[{"id":18255,"href":"https:\/\/infoglobalsur.ar\/index.php?rest_route=\/wp\/v2\/posts\/18253\/revisions\/18255"}],"wp:featuredmedia":[{"embeddable":true,"href":"https:\/\/infoglobalsur.ar\/index.php?rest_route=\/wp\/v2\/media\/18254"}],"wp:attachment":[{"href":"https:\/\/infoglobalsur.ar\/index.php?rest_route=%2Fwp%2Fv2%2Fmedia&parent=18253"}],"wp:term":[{"taxonomy":"category","embeddable":true,"href":"https:\/\/infoglobalsur.ar\/index.php?rest_route=%2Fwp%2Fv2%2Fcategories&post=18253"},{"taxonomy":"post_tag","embeddable":true,"href":"https:\/\/infoglobalsur.ar\/index.php?rest_route=%2Fwp%2Fv2%2Ftags&post=18253"}],"curies":[{"name":"wp","href":"https:\/\/api.w.org\/{rel}","templated":true}]}}