{"id":18267,"date":"2026-04-25T02:46:00","date_gmt":"2026-04-25T05:46:00","guid":{"rendered":"https:\/\/infoglobalsur.ar\/?p=18267"},"modified":"2026-04-24T14:53:36","modified_gmt":"2026-04-24T17:53:36","slug":"el-lunes-se-debate-la-situacion-salarial-de-policias-del-exterritorioel-lunes-se-debate-la-situacion-salarial","status":"publish","type":"post","link":"https:\/\/infoglobalsur.ar\/?p=18267","title":{"rendered":"El lunes se debate la situaci\u00f3n salarial de polic\u00edas del exterritorio"},"content":{"rendered":"\n<p>La Presidenta de la Comisi\u00f3n de Justicia y Seguridad convoc\u00f3 a una reuni\u00f3n para el pr\u00f3ximo lunes. Se analizar\u00e1 el esquema de movilidad y las compensaciones salariales de los jubilados de la fuerza territorial.<\/p>\n\n\n\n<p>La legisladora Natalia Gracian\u00eda (LLA), en su car\u00e1cter de Presidenta de la Comisi\u00f3n de Justicia y Seguridad N\u00ba 6, formaliz\u00f3 la convocatoria a un encuentro estrat\u00e9gico para abordar la problem\u00e1tica previsional que afecta al personal policial jubilado del exterritorio. La reuni\u00f3n est\u00e1 programada para el pr\u00f3ximo lunes 27 de abril, a partir de las 13 horas, en la sede legislativa.<\/p>\n\n\n\n<p>El eje central del debate ser\u00e1 la situaci\u00f3n salarial que atraviesan los retirados de la fuerza territorial, un sector que ha manifestado la necesidad de actualizar y regularizar sus haberes en el marco del actual contexto econ\u00f3mico. Para ello, se analizar\u00e1n diversas Comunicaciones Oficiales y presentaciones efectuadas durante el \u00faltimo a\u00f1o, vinculadas al cumplimiento de la Ley provincial N\u00ba 1465.<\/p>\n\n\n\n<p>Seg\u00fan el memorando emitido por la Direcci\u00f3n de Comisiones, el encuentro contar\u00e1 con la presencia de actores fundamentales en la toma de decisiones presupuestarias y previsionales. Han sido citados el Ministro Jefe de Gabinete, Jorge Canals; Autoridades de la Caja Previsional para el Personal Policial y Penitenciario Provincial y Miembros de la Caja Compensadora para el Personal Policial del exterritorio.<\/p>\n\n\n\n<p>Asimismo, se espera la participaci\u00f3n de referentes del sector, quienes brindar\u00e1n detalles sobre el impacto que tiene el actual esquema de pagos en la calidad de vida de los jubilados policiales.<\/p>\n\n\n\n<p>El tratamiento de este tema se da en cumplimiento del art\u00edculo 38\u00ba de la Ley provincial N\u00ba 1465, que regula el sistema previsional y compensatorio de la fuerza. Los legisladores pondr\u00e1n bajo an\u00e1lisis las Comunicaciones Oficiales N\u00ba 15, 30 y 51\/25, adem\u00e1s de la Nota N\u00ba 067\/25, expedientes que recogen los reclamos y propuestas de ajuste salarial presentados por los retirados.<\/p>\n\n\n\n<p>Esta agenda impulsada desde el bloque de La Libertad Avanza busca dar respuesta a una demanda hist\u00f3rica de los efectivos que prestaron servicio durante la etapa territorial, garantizando la transparencia y la sostenibilidad de los fondos destinados a su seguridad previsional.<\/p>\n","protected":false},"excerpt":{"rendered":"<p>La Presidenta de la Comisi\u00f3n de Justicia y Seguridad convoc\u00f3 a una reuni\u00f3n para el&#8230;<\/p>\n","protected":false},"author":1,"featured_media":18001,"comment_status":"open","ping_status":"open","sticky":true,"template":"","format":"standard","meta":{"footnotes":""},"categories":[286],"tags":[],"_links":{"self":[{"href":"https:\/\/infoglobalsur.ar\/index.php?rest_route=\/wp\/v2\/posts\/18267"}],"collection":[{"href":"https:\/\/infoglobalsur.ar\/index.php?rest_route=\/wp\/v2\/posts"}],"about":[{"href":"https:\/\/infoglobalsur.ar\/index.php?rest_route=\/wp\/v2\/types\/post"}],"author":[{"embeddable":true,"href":"https:\/\/infoglobalsur.ar\/index.php?rest_route=\/wp\/v2\/users\/1"}],"replies":[{"embeddable":true,"href":"https:\/\/infoglobalsur.ar\/index.php?rest_route=%2Fwp%2Fv2%2Fcomments&post=18267"}],"version-history":[{"count":2,"href":"https:\/\/infoglobalsur.ar\/index.php?rest_route=\/wp\/v2\/posts\/18267\/revisions"}],"predecessor-version":[{"id":18269,"href":"https:\/\/infoglobalsur.ar\/index.php?rest_route=\/wp\/v2\/posts\/18267\/revisions\/18269"}],"wp:featuredmedia":[{"embeddable":true,"href":"https:\/\/infoglobalsur.ar\/index.php?rest_route=\/wp\/v2\/media\/18001"}],"wp:attachment":[{"href":"https:\/\/infoglobalsur.ar\/index.php?rest_route=%2Fwp%2Fv2%2Fmedia&parent=18267"}],"wp:term":[{"taxonomy":"category","embeddable":true,"href":"https:\/\/infoglobalsur.ar\/index.php?rest_route=%2Fwp%2Fv2%2Fcategories&post=18267"},{"taxonomy":"post_tag","embeddable":true,"href":"https:\/\/infoglobalsur.ar\/index.php?rest_route=%2Fwp%2Fv2%2Ftags&post=18267"}],"curies":[{"name":"wp","href":"https:\/\/api.w.org\/{rel}","templated":true}]}}