{"id":18275,"date":"2026-04-27T09:16:53","date_gmt":"2026-04-27T12:16:53","guid":{"rendered":"https:\/\/infoglobalsur.ar\/?p=18275"},"modified":"2026-04-27T09:16:54","modified_gmt":"2026-04-27T12:16:54","slug":"von-der-thusen-pondero-el-trabajo-en-comisiones","status":"publish","type":"post","link":"https:\/\/infoglobalsur.ar\/?p=18275","title":{"rendered":"Von der Thusen ponder\u00f3 el trabajo en comisiones"},"content":{"rendered":"\n<p>\u201cDesde el d\u00eda que me eligieron Presidente de esta Comisi\u00f3n anunci\u00e9 que iba a darle otra impronta\u201d, dijo Ra\u00fal Von Der Thusen (SF), quien coordin\u00f3 las dos jornadas de trabajo parlamentario que se desarrollaron en R\u00edo Grande y Ushuaia. Se trataron temas de actualidad como la situaci\u00f3n que atraviesa OSEF, promoci\u00f3n y desarrollo de enfermer\u00eda y r\u00e9gimen de incentivo para grandes inversiones (RIGI), entre otros.<\/p>\n\n\n\n<p>Luego de escuchar los distintos posicionamientos vertidos por los dirigentes gremiales municipales y provinciales acerca del escenario que vive la Obra Social del Estado Fueguino (OSEF), el representante de la bancada de Somos Fueguinos coment\u00f3 que \u201cnos plantearon la posibilidad de modificar cuestiones vinculadas al Directorio, hecho que acompa\u00f1amos\u201d, expres\u00f3.<\/p>\n\n\n\n<p>\u201cCreo que la obra social debe ser administrada por los trabajadores, que no son ni m\u00e1s ni menos que los due\u00f1os, los que aportan\u201d para su funcionamiento, insisti\u00f3 el Parlamentario.<\/p>\n\n\n\n<p>Otro de temas analizados fue el RIGI, planteado a nivel nacional. \u201cRecibimos al Secretario Legal y Administrativo del Ministerio de Econom\u00eda, Jos\u00e9 Ignacio Garc\u00eda Hamilton, quien se expres\u00f3 acerca del programa y c\u00f3mo funciona en el pa\u00eds\u201d.<\/p>\n\n\n\n<p>En cuanto a los temas analizados en la reuni\u00f3n en R\u00edo Grande, precis\u00f3 que avanzaron en el debate de dos asuntos relacionados con la profesi\u00f3n de la enfermer\u00eda. Por un lado, el proyecto de Ley que \u201cplantea la adhesi\u00f3n a una Ley nacional que promociona la formaci\u00f3n de enfermer\u00eda a nivel universitario y la posibilidad de generar un convenio con la Universidad Nacional de Tierra del Fuego (UNTDF)\u201d.<\/p>\n\n\n\n<p>Al respecto consider\u00f3 que \u201cla iniciativa impulsa la continua capacitaci\u00f3n de los enfermeros, sin necesidad de salir de la Provincia y evitar tener que cursar en instituciones privadas a distancia\u201d.<\/p>\n\n\n\n<p>Tambi\u00e9n, cont\u00f3 que est\u00e1n elaborando un dictamen para conformar un cuerpo de enfermeros en la educaci\u00f3n fueguina, es decir \u201cpara que las escuelas primarias puedan contar en las instituciones, con un enfermero para que asista a los estudiantes\u201d. Es importante se\u00f1alar que luego, el mismo asunto mereci\u00f3 an\u00e1lisis por parte de la Comisi\u00f3n de Educaci\u00f3n N\u00ba 4.<\/p>\n\n\n\n<p>Al finalizar detall\u00f3 que recibieron a los trabajadores de la empresa Aires del Sur, y \u201clamentablemente, mientras est\u00e1bamos en la Comisi\u00f3n, fue decretada la quiebra por parte del Juzgado Civil y Comercial de R\u00edo Grande y eso cambia la estrategia que analizamos\u201d, cerr\u00f3.<\/p>\n","protected":false},"excerpt":{"rendered":"<p>\u201cDesde el d\u00eda que me eligieron Presidente de esta Comisi\u00f3n anunci\u00e9 que iba a darle&#8230;<\/p>\n","protected":false},"author":1,"featured_media":18276,"comment_status":"closed","ping_status":"closed","sticky":true,"template":"","format":"standard","meta":{"footnotes":""},"categories":[286],"tags":[],"_links":{"self":[{"href":"https:\/\/infoglobalsur.ar\/index.php?rest_route=\/wp\/v2\/posts\/18275"}],"collection":[{"href":"https:\/\/infoglobalsur.ar\/index.php?rest_route=\/wp\/v2\/posts"}],"about":[{"href":"https:\/\/infoglobalsur.ar\/index.php?rest_route=\/wp\/v2\/types\/post"}],"author":[{"embeddable":true,"href":"https:\/\/infoglobalsur.ar\/index.php?rest_route=\/wp\/v2\/users\/1"}],"replies":[{"embeddable":true,"href":"https:\/\/infoglobalsur.ar\/index.php?rest_route=%2Fwp%2Fv2%2Fcomments&post=18275"}],"version-history":[{"count":1,"href":"https:\/\/infoglobalsur.ar\/index.php?rest_route=\/wp\/v2\/posts\/18275\/revisions"}],"predecessor-version":[{"id":18277,"href":"https:\/\/infoglobalsur.ar\/index.php?rest_route=\/wp\/v2\/posts\/18275\/revisions\/18277"}],"wp:featuredmedia":[{"embeddable":true,"href":"https:\/\/infoglobalsur.ar\/index.php?rest_route=\/wp\/v2\/media\/18276"}],"wp:attachment":[{"href":"https:\/\/infoglobalsur.ar\/index.php?rest_route=%2Fwp%2Fv2%2Fmedia&parent=18275"}],"wp:term":[{"taxonomy":"category","embeddable":true,"href":"https:\/\/infoglobalsur.ar\/index.php?rest_route=%2Fwp%2Fv2%2Fcategories&post=18275"},{"taxonomy":"post_tag","embeddable":true,"href":"https:\/\/infoglobalsur.ar\/index.php?rest_route=%2Fwp%2Fv2%2Ftags&post=18275"}],"curies":[{"name":"wp","href":"https:\/\/api.w.org\/{rel}","templated":true}]}}