{"id":18278,"date":"2026-04-27T09:26:00","date_gmt":"2026-04-27T12:26:00","guid":{"rendered":"https:\/\/infoglobalsur.ar\/?p=18278"},"modified":"2026-04-27T09:26:01","modified_gmt":"2026-04-27T12:26:01","slug":"la-comision-de-presupuesto-paso-a-cuarto-intermedio-y-espera-la-visita-del-ministro-de-economia","status":"publish","type":"post","link":"https:\/\/infoglobalsur.ar\/?p=18278","title":{"rendered":"La Comisi\u00f3n de Presupuesto pas\u00f3 a cuarto intermedio y espera la visita del Ministro de Econom\u00eda"},"content":{"rendered":"\n<p>Luego de una agenda parlamentaria nutrida de an\u00e1lisis y debates en R\u00edo Grande y Ushuaia, el legislador Mat\u00edas Lapadula (PG) rese\u00f1\u00f3 el encuentro que presidi\u00f3 de la Comisi\u00f3n de Presupuesto de la Legislatura. Detall\u00f3 que se abordaron \u201ctemas importantes y necesarios para la Provincia\u201d; tales como: coparticipaci\u00f3n municipal, salud, educaci\u00f3n e inversiones, entre otros. Adelant\u00f3 un nuevo encuentro para la semana entrante.<\/p>\n\n\n\n<p>Respecto del proyecto de Ley que busca que Tierra del Fuego adhiera al R\u00e9gimen de Incentivo para Grandes Inversiones (RIGI) \u2013 Ley N\u00ba 27.742, iniciativa del bloque de La Libertad Avanza, Lapadula mencion\u00f3 que \u201cescuchamos a los invitados. Ha participado un funcionario del Gobierno nacional, encargado del Comit\u00e9 de evaluaci\u00f3n del RIGI para dar su opini\u00f3n. Tambi\u00e9n asistieron integrantes de la C\u00e1mara de Comercio\u201d y aclar\u00f3 que todos los sectores pudieron expresar su posici\u00f3n.<\/p>\n\n\n\n<p>El Legislador dijo que el futuro del subr\u00e9gimen industrial amparado en la Ley nacional N\u00ba 19.640 es preocupante. \u201cNo estoy de acuerdo\u201d con el RIGI: \u201cNo se puede pensarlo sin tener en cuenta que en Tierra del Fuego tenemos un r\u00e9gimen de promoci\u00f3n que es mucho m\u00e1s amplio\u201d que cuenta con medio siglo y que fue prorrogado por treinta a\u00f1os m\u00e1s. \u201cAdelant\u00e9 mi postura. No estoy de acuerdo, no voy a acompa\u00f1ar de ninguna manera ning\u00fan dictamen y por supuesto, tampoco la sanci\u00f3n de una posible Ley de adhesi\u00f3n\u201d, afirm\u00f3 este viernes a Prensa Legislativa.<\/p>\n\n\n\n<p>Finalmente el titular de la Comisi\u00f3n N\u00ba 2 en la Legislatura record\u00f3 que ese espacio, se encuentra en cuarto intermedio hasta el martes 28, donde se espera contar con la presencia del Ministro de Econom\u00eda para explicar su postura ante varios de los debates que se dan hoy en la C\u00e1mara legislativa. Es \u201cfundamental, para avanzar con responsabilidad, tambi\u00e9n tener la palabra del Ministro\u201d, cerr\u00f3 Lapadula.<\/p>\n\n\n\n<p>Del encuentro participaron las legisladoras Mar\u00eda Victoria Vuoto (PJ); Natalia Gracian\u00eda (LLA); Myriam Mart\u00ednez (FORJA); Gisela Dos Santos (ST) y Mar\u00eda Laura Colazo (PV) y los legisladores Pablo Villegas y Dami\u00e1n L\u00f6ffler (MPF), Jorge Lechman y Ra\u00fal Von der Thusen (SF); Federico Sciurano (FORJA); Juan Carlos Pino y Tomas Garc\u00eda (PJ).<\/p>\n","protected":false},"excerpt":{"rendered":"<p>Luego de una agenda parlamentaria nutrida de an\u00e1lisis y debates en R\u00edo Grande y Ushuaia,&#8230;<\/p>\n","protected":false},"author":1,"featured_media":18280,"comment_status":"open","ping_status":"open","sticky":true,"template":"","format":"standard","meta":{"footnotes":""},"categories":[286],"tags":[],"_links":{"self":[{"href":"https:\/\/infoglobalsur.ar\/index.php?rest_route=\/wp\/v2\/posts\/18278"}],"collection":[{"href":"https:\/\/infoglobalsur.ar\/index.php?rest_route=\/wp\/v2\/posts"}],"about":[{"href":"https:\/\/infoglobalsur.ar\/index.php?rest_route=\/wp\/v2\/types\/post"}],"author":[{"embeddable":true,"href":"https:\/\/infoglobalsur.ar\/index.php?rest_route=\/wp\/v2\/users\/1"}],"replies":[{"embeddable":true,"href":"https:\/\/infoglobalsur.ar\/index.php?rest_route=%2Fwp%2Fv2%2Fcomments&post=18278"}],"version-history":[{"count":1,"href":"https:\/\/infoglobalsur.ar\/index.php?rest_route=\/wp\/v2\/posts\/18278\/revisions"}],"predecessor-version":[{"id":18281,"href":"https:\/\/infoglobalsur.ar\/index.php?rest_route=\/wp\/v2\/posts\/18278\/revisions\/18281"}],"wp:featuredmedia":[{"embeddable":true,"href":"https:\/\/infoglobalsur.ar\/index.php?rest_route=\/wp\/v2\/media\/18280"}],"wp:attachment":[{"href":"https:\/\/infoglobalsur.ar\/index.php?rest_route=%2Fwp%2Fv2%2Fmedia&parent=18278"}],"wp:term":[{"taxonomy":"category","embeddable":true,"href":"https:\/\/infoglobalsur.ar\/index.php?rest_route=%2Fwp%2Fv2%2Fcategories&post=18278"},{"taxonomy":"post_tag","embeddable":true,"href":"https:\/\/infoglobalsur.ar\/index.php?rest_route=%2Fwp%2Fv2%2Ftags&post=18278"}],"curies":[{"name":"wp","href":"https:\/\/api.w.org\/{rel}","templated":true}]}}