{"id":18285,"date":"2026-04-27T09:42:09","date_gmt":"2026-04-27T12:42:09","guid":{"rendered":"https:\/\/infoglobalsur.ar\/?p=18285"},"modified":"2026-04-27T09:42:10","modified_gmt":"2026-04-27T12:42:10","slug":"el-municipio-y-la-untdf-potencian-la-ingenieria-en-agroecologia","status":"publish","type":"post","link":"https:\/\/infoglobalsur.ar\/?p=18285","title":{"rendered":"El Municipio y la UNTDF potencian la Ingenier\u00eda en Agroecolog\u00eda"},"content":{"rendered":"\n<p>El Municipio de R\u00edo Grade recibi\u00f3 a autoridades, docentes y estudiantes de la carrera de Ingenier\u00eda en Agroecolog\u00eda de la Universidad Nacional de Tierra del Fuego, en el marco de una visita institucional a la Chacra Agroexperimental \u201cGerm\u00e1n Asencio\u201d, ubicada en el barrio Apymema.<\/p>\n\n\n\n<p>La comitiva estuvo integrada por el director del Instituto de Ciencias Polares, Ambiente y Recursos Naturales (ICPA), Juan Lavornia; la coordinadora de la carrera, Nair Penko; y el equipo docente conformado por Alejandra Guti\u00e9rrez, Nicol\u00e1s Lois y Paulo Gea, junto a estudiantes de la primera cohorte de esta ingenier\u00eda en la provincia. Adem\u00e1s, cont\u00f3 con la presencia del secretario de Desarrollo Productivo, Facundo Armas; el director general de Soberan\u00eda Alimentaria, Ignacio Oru\u00e9; as\u00ed como el director de Desarrollo Agroproductivo, Juan Allende, quienes acompa\u00f1aron el recorrido y la presentaci\u00f3n de los avances del predio.<\/p>\n\n\n\n<p>Durante la jornada, se expusieron los avances de este espacio estrat\u00e9gico que se encuentra en desarrollo y que se proyecta como la primera chacra agroexperimental de Tierra del Fuego, concebida como un \u00e1mbito de producci\u00f3n de alimentos, investigaci\u00f3n aplicada, formaci\u00f3n y articulaci\u00f3n interinstitucional.<\/p>\n\n\n\n<p>El predio, de aproximadamente 3.000 metros cuadrados, cuenta con infraestructura productiva en proceso de desarrollo, incluyendo invernaderos que ser\u00e1n progresivamente tecnificados, el cual proyecta la incorporaci\u00f3n de nuevos m\u00f3dulos productivos. Entre ellos, se prev\u00e9 la instalaci\u00f3n de un invernadero fructificador orientado a la producci\u00f3n de frutas finas, el desarrollo de una plantinera de frutillas destinada a abastecer a productores locales, ensayos de forraje en articulaci\u00f3n con el Instituto Nacional de Tecnolog\u00eda Agropecuaria, y cultivos demostrativos a cielo abierto (como papa, cebolla, zanahoria y ajo violeta).<\/p>\n\n\n\n<p>Asimismo, se proyecta la incorporaci\u00f3n de un m\u00f3dulo de producci\u00f3n av\u00edcola y la consolidaci\u00f3n del predio como un espacio de formaci\u00f3n, donde se desarrollar\u00e1n capacitaciones abiertas a la comunidad, talleres vinculados a la soberan\u00eda alimentaria y pr\u00e1cticas preprofesionalizantes para instituciones educativas.<\/p>\n\n\n\n<p>En este sentido, la chacra se proyecta como un nodo experimental del sistema productivo local, articulado con la plantinera municipal de El Tropez\u00f3n, los invernaderos existentes y el entramado productivo que se desarrolla en convenio con la Misi\u00f3n Salesiana. A su vez, ser\u00e1 un espacio abierto para que productores y productoras de la ciudad puedan acercarse, intercambiar experiencias y generar conocimiento aplicado en territorio.<\/p>\n\n\n\n<p>En este marco, el secretario de Desarrollo Productivo, Facundo Armas, destac\u00f3 que \u201cen un contexto insular como el nuestro, hablar de soberan\u00eda alimentaria no es una consigna, es una necesidad estrat\u00e9gica. Implica producir alimentos frescos, sanos y seguros, pero tambi\u00e9n generar capacidades, conocimiento y trabajo en nuestra ciudad\u201d. A su vez, remarc\u00f3 la importancia de la articulaci\u00f3n con la universidad que \u201choy la Universidad Nacional de Tierra del Fuego cuente con una Ingenier\u00eda en Agroecolog\u00eda es profundamente significativo. Es pensar el desarrollo desde el territorio, de manera situada, entendiendo nuestras condiciones y desaf\u00edos. Esta chacra viene a ser un espacio concreto donde esa formaci\u00f3n pueda tener su correlato pr\u00e1ctico\u201d.<\/p>\n\n\n\n<p>En esa l\u00ednea, Armas se\u00f1al\u00f3 que, \u201cde alguna manera, esta carrera tambi\u00e9n es resultado de pol\u00edticas p\u00fablicas que venimos impulsando desde el Municipio de R\u00edo Grande, proponiendo el concepto de soberan\u00eda alimentaria como eje del desarrollo local, en el que fuimos pioneros y que hoy se discute a nivel provincial\u201d.<\/p>\n\n\n\n<p>El funcionario se refiri\u00f3 al contexto nacional actual que, \u201cfrente al desfinanciamiento de las universidades p\u00fablicas y de organismos como el INTA, desde el Municipio seguimos articulando y haci\u00e9ndonos cargo de sostener pol\u00edticas que permitan avanzar en la producci\u00f3n de alimentos y en la generaci\u00f3n de conocimiento aplicado\u201d.<\/p>\n","protected":false},"excerpt":{"rendered":"<p>El Municipio de R\u00edo Grade recibi\u00f3 a autoridades, docentes y estudiantes de la carrera de&#8230;<\/p>\n","protected":false},"author":1,"featured_media":18286,"comment_status":"open","ping_status":"open","sticky":true,"template":"","format":"standard","meta":{"footnotes":""},"categories":[36],"tags":[],"_links":{"self":[{"href":"https:\/\/infoglobalsur.ar\/index.php?rest_route=\/wp\/v2\/posts\/18285"}],"collection":[{"href":"https:\/\/infoglobalsur.ar\/index.php?rest_route=\/wp\/v2\/posts"}],"about":[{"href":"https:\/\/infoglobalsur.ar\/index.php?rest_route=\/wp\/v2\/types\/post"}],"author":[{"embeddable":true,"href":"https:\/\/infoglobalsur.ar\/index.php?rest_route=\/wp\/v2\/users\/1"}],"replies":[{"embeddable":true,"href":"https:\/\/infoglobalsur.ar\/index.php?rest_route=%2Fwp%2Fv2%2Fcomments&post=18285"}],"version-history":[{"count":1,"href":"https:\/\/infoglobalsur.ar\/index.php?rest_route=\/wp\/v2\/posts\/18285\/revisions"}],"predecessor-version":[{"id":18287,"href":"https:\/\/infoglobalsur.ar\/index.php?rest_route=\/wp\/v2\/posts\/18285\/revisions\/18287"}],"wp:featuredmedia":[{"embeddable":true,"href":"https:\/\/infoglobalsur.ar\/index.php?rest_route=\/wp\/v2\/media\/18286"}],"wp:attachment":[{"href":"https:\/\/infoglobalsur.ar\/index.php?rest_route=%2Fwp%2Fv2%2Fmedia&parent=18285"}],"wp:term":[{"taxonomy":"category","embeddable":true,"href":"https:\/\/infoglobalsur.ar\/index.php?rest_route=%2Fwp%2Fv2%2Fcategories&post=18285"},{"taxonomy":"post_tag","embeddable":true,"href":"https:\/\/infoglobalsur.ar\/index.php?rest_route=%2Fwp%2Fv2%2Ftags&post=18285"}],"curies":[{"name":"wp","href":"https:\/\/api.w.org\/{rel}","templated":true}]}}