{"id":18314,"date":"2026-04-28T01:34:00","date_gmt":"2026-04-28T04:34:00","guid":{"rendered":"https:\/\/infoglobalsur.ar\/?p=18314"},"modified":"2026-04-27T13:37:09","modified_gmt":"2026-04-27T16:37:09","slug":"la-uejn-anuncio-un-paro-de-48-horas-y-movilizacion-al-superior-tribunal","status":"publish","type":"post","link":"https:\/\/infoglobalsur.ar\/?p=18314","title":{"rendered":"La UEJN anunci\u00f3 un paro de 48 horas y movilizaci\u00f3n al Superior Tribunal"},"content":{"rendered":"\n<p>La Uni\u00f3n de Empleados de la Justicia de la Naci\u00f3n (UEJN) endureci\u00f3 su postura frente al Superior Tribunal de Justicia (STJ), exigiendo que el m\u00e1ximo organismo asuma un rol activo en la defensa de los derechos de los trabajadores. En un comunicado reciente, el gremio reclam\u00f3 una soluci\u00f3n que garantice una \u00abrecomposici\u00f3n real y sostenida\u00bb de los haberes frente al contexto econ\u00f3mico actual.<\/p>\n\n\n\n<p>Bajo la premisa de que \u00abla unidad prevalece sobre el conflicto\u00bb, desde la UEJN enfatizaron la importancia de defender la integridad de la instituci\u00f3n judicial, pero advirtieron que no aceptar\u00e1n posturas \u00abcomplacientes\u00bb frente a las decisiones pol\u00edticas que afectan el bolsillo de los empleados del sector.<\/p>\n\n\n\n<p>Tras la realizaci\u00f3n de asambleas informativas el pasado viernes 24 de abril, el gremio confirm\u00f3 la profundizaci\u00f3n de sus reclamos con un calendario de acciones directas para esta semana:<\/p>\n\n\n\n<ul>\n<li><strong>Paro total de actividades:<\/strong> Se llevar\u00e1 a cabo durante 48 horas los d\u00edas martes 28 y mi\u00e9rcoles 29 de abril.<\/li>\n\n\n\n<li><strong>Movilizaci\u00f3n:<\/strong> Los trabajadores se concentrar\u00e1n frente a la sede del Superior Tribunal de Justicia el martes 28 a las 11:00 horas.<\/li>\n<\/ul>\n\n\n\n<p>Desde la organizaci\u00f3n sindical se\u00f1alaron que, de no mediar una respuesta concreta que satisfaga las necesidades del personal, el plan de lucha continuar\u00e1 escalando en todas las ciudades de la provincia. Por el momento, se espera una respuesta oficial por parte del STJ ante la inminente paralizaci\u00f3n del servicio de justicia por dos jornadas consecutivas.<\/p>\n","protected":false},"excerpt":{"rendered":"<p>La Uni\u00f3n de Empleados de la Justicia de la Naci\u00f3n (UEJN) endureci\u00f3 su postura frente&#8230;<\/p>\n","protected":false},"author":1,"featured_media":5115,"comment_status":"open","ping_status":"open","sticky":true,"template":"","format":"standard","meta":{"footnotes":""},"categories":[1],"tags":[],"_links":{"self":[{"href":"https:\/\/infoglobalsur.ar\/index.php?rest_route=\/wp\/v2\/posts\/18314"}],"collection":[{"href":"https:\/\/infoglobalsur.ar\/index.php?rest_route=\/wp\/v2\/posts"}],"about":[{"href":"https:\/\/infoglobalsur.ar\/index.php?rest_route=\/wp\/v2\/types\/post"}],"author":[{"embeddable":true,"href":"https:\/\/infoglobalsur.ar\/index.php?rest_route=\/wp\/v2\/users\/1"}],"replies":[{"embeddable":true,"href":"https:\/\/infoglobalsur.ar\/index.php?rest_route=%2Fwp%2Fv2%2Fcomments&post=18314"}],"version-history":[{"count":2,"href":"https:\/\/infoglobalsur.ar\/index.php?rest_route=\/wp\/v2\/posts\/18314\/revisions"}],"predecessor-version":[{"id":18316,"href":"https:\/\/infoglobalsur.ar\/index.php?rest_route=\/wp\/v2\/posts\/18314\/revisions\/18316"}],"wp:featuredmedia":[{"embeddable":true,"href":"https:\/\/infoglobalsur.ar\/index.php?rest_route=\/wp\/v2\/media\/5115"}],"wp:attachment":[{"href":"https:\/\/infoglobalsur.ar\/index.php?rest_route=%2Fwp%2Fv2%2Fmedia&parent=18314"}],"wp:term":[{"taxonomy":"category","embeddable":true,"href":"https:\/\/infoglobalsur.ar\/index.php?rest_route=%2Fwp%2Fv2%2Fcategories&post=18314"},{"taxonomy":"post_tag","embeddable":true,"href":"https:\/\/infoglobalsur.ar\/index.php?rest_route=%2Fwp%2Fv2%2Ftags&post=18314"}],"curies":[{"name":"wp","href":"https:\/\/api.w.org\/{rel}","templated":true}]}}