{"id":18317,"date":"2026-04-28T13:53:55","date_gmt":"2026-04-28T16:53:55","guid":{"rendered":"https:\/\/infoglobalsur.ar\/?p=18317"},"modified":"2026-04-27T13:57:55","modified_gmt":"2026-04-27T16:57:55","slug":"preocupacion-en-la-legislatura-por-el-nuevo-decreto-industrial-que-afecta-a-tierra-del-fuego","status":"publish","type":"post","link":"https:\/\/infoglobalsur.ar\/?p=18317","title":{"rendered":"Preocupaci\u00f3n en la Legislatura por el nuevo decreto industrial que afecta a Tierra del Fuego"},"content":{"rendered":"\n<p>La Comisi\u00f3n de Legislaci\u00f3n General, presidida por Ra\u00fal Von der Thusen, analizar\u00e1 este martes el impacto del Decreto nacional N\u00ba 252\/2026. La medida, que extiende beneficios antes exclusivos de las automotrices a todas las industrias del pa\u00eds, genera preocupaci\u00f3n sobre la competitividad de Tierra del Fuego.<\/p>\n\n\n\n<p>El legislador Ra\u00fal Von der Thusen (SF) convoc\u00f3 para este martes 28 de abril a las 14:00 horas a una nueva reuni\u00f3n de la Comisi\u00f3n de Legislaci\u00f3n General N\u00ba 1. El encuentro contar\u00e1 con la presencia clave de la secretaria de Industria y Promoci\u00f3n Econ\u00f3mica de la provincia, Alejandra Man, quien expondr\u00e1 la postura del Ejecutivo frente a los recientes cambios normativos dictados por Naci\u00f3n.<\/p>\n\n\n\n<p>El eje central del debate ser\u00e1 el Decreto de Necesidad y Urgencia (DNU) N\u00ba 252\/2026. Esta normativa modifica sustancialmente el escenario para las industrias exportadoras en todo el pa\u00eds al ampliar el alcance del R\u00e9gimen de Aduana en Factor\u00eda (RAF).<\/p>\n\n\n\n<p>Hist\u00f3ricamente, el R\u00e9gimen de Aduana en Factor\u00eda era un beneficio orientado espec\u00edficamente a las terminales automotrices. Sin embargo, la nueva determinaci\u00f3n nacional extiende estas facilidades a todas las f\u00e1bricas de cualquier sector productivo en el territorio nacional.<\/p>\n\n\n\n<p>Para Tierra del Fuego, esta medida representa una se\u00f1al de alerta. Los legisladores buscan determinar si la generalizaci\u00f3n de estos beneficios aduaneros y fiscales a nivel pa\u00eds podr\u00eda erosionar las ventajas competitivas que posee el r\u00e9gimen promocional de la Ley 19.640, igualando condiciones que antes eran distintivas de la provincia.<\/p>\n\n\n\n<p>Durante la jornada, los integrantes de la Comisi\u00f3n N\u00ba 1 consultar\u00e1n a Alejandra Man sobre los informes t\u00e9cnicos que maneja la Secretar\u00eda de Industria y el impacto real que esta competencia directa podr\u00eda tener sobre el entramado fabril fueguino.<\/p>\n\n\n\n<p>El encuentro se desarrollar\u00e1 en el sal\u00f3n de comisiones de la Legislatura provincial y se espera una nutrida participaci\u00f3n de los distintos bloques pol\u00edticos, dada la sensibilidad que el tema despierta para la econom\u00eda local y la estabilidad del subr\u00e9gimen industrial.<\/p>\n","protected":false},"excerpt":{"rendered":"<p>La Comisi\u00f3n de Legislaci\u00f3n General, presidida por Ra\u00fal Von der Thusen, analizar\u00e1 este martes el&#8230;<\/p>\n","protected":false},"author":1,"featured_media":11176,"comment_status":"open","ping_status":"open","sticky":true,"template":"","format":"standard","meta":{"footnotes":""},"categories":[286],"tags":[],"_links":{"self":[{"href":"https:\/\/infoglobalsur.ar\/index.php?rest_route=\/wp\/v2\/posts\/18317"}],"collection":[{"href":"https:\/\/infoglobalsur.ar\/index.php?rest_route=\/wp\/v2\/posts"}],"about":[{"href":"https:\/\/infoglobalsur.ar\/index.php?rest_route=\/wp\/v2\/types\/post"}],"author":[{"embeddable":true,"href":"https:\/\/infoglobalsur.ar\/index.php?rest_route=\/wp\/v2\/users\/1"}],"replies":[{"embeddable":true,"href":"https:\/\/infoglobalsur.ar\/index.php?rest_route=%2Fwp%2Fv2%2Fcomments&post=18317"}],"version-history":[{"count":1,"href":"https:\/\/infoglobalsur.ar\/index.php?rest_route=\/wp\/v2\/posts\/18317\/revisions"}],"predecessor-version":[{"id":18318,"href":"https:\/\/infoglobalsur.ar\/index.php?rest_route=\/wp\/v2\/posts\/18317\/revisions\/18318"}],"wp:featuredmedia":[{"embeddable":true,"href":"https:\/\/infoglobalsur.ar\/index.php?rest_route=\/wp\/v2\/media\/11176"}],"wp:attachment":[{"href":"https:\/\/infoglobalsur.ar\/index.php?rest_route=%2Fwp%2Fv2%2Fmedia&parent=18317"}],"wp:term":[{"taxonomy":"category","embeddable":true,"href":"https:\/\/infoglobalsur.ar\/index.php?rest_route=%2Fwp%2Fv2%2Fcategories&post=18317"},{"taxonomy":"post_tag","embeddable":true,"href":"https:\/\/infoglobalsur.ar\/index.php?rest_route=%2Fwp%2Fv2%2Ftags&post=18317"}],"curies":[{"name":"wp","href":"https:\/\/api.w.org\/{rel}","templated":true}]}}