{"id":18319,"date":"2026-04-28T02:37:00","date_gmt":"2026-04-28T05:37:00","guid":{"rendered":"https:\/\/infoglobalsur.ar\/?p=18319"},"modified":"2026-04-27T14:39:20","modified_gmt":"2026-04-27T17:39:20","slug":"el-15-de-mayo-comienza-el-operativo-invierno","status":"publish","type":"post","link":"https:\/\/infoglobalsur.ar\/?p=18319","title":{"rendered":"El 15 de mayo comienza el Operativo Invierno"},"content":{"rendered":"\n<p>El Gobierno de la Provincia de Tierra del Fuego AIAS anunci\u00f3 el inicio del Operativo Invierno 2026, que se pondr\u00e1 en marcha el pr\u00f3ximo 15 de mayo con el objetivo de reforzar la seguridad vial y sostener la conectividad en todo el territorio, tal como se lleva adelante cada a\u00f1o.<\/p>\n\n\n\n<p>En este sentido, el responsable de Protecci\u00f3n Civil provincial, Pedro Franco, se\u00f1al\u00f3 que \u201csi bien pueden darse algunas nevadas o bajas temperaturas antes, el consenso t\u00e9cnico indica que mediados de mayo es el momento adecuado para desplegar plenamente el operativo\u201d, y destac\u00f3 que \u201ceste per\u00edodo previo resulta clave para llegar mejor preparados a una de las etapas m\u00e1s exigentes del a\u00f1o\u201d.<\/p>\n\n\n\n<p>Asimismo, sostuvo que el foco est\u00e1 puesto en la prevenci\u00f3n y la organizaci\u00f3n. Por un lado, se recuerda a la poblaci\u00f3n la obligatoriedad del uso de cubiertas de invierno, una medida central para reducir riesgos en la conducci\u00f3n. Sobre esto, recalc\u00f3: \u201cEs fundamental anticiparse y hacer el recambio a tiempo, porque las cubiertas adecuadas hacen una diferencia real en la seguridad\u201d.<\/p>\n\n\n\n<p>Al mismo tiempo, se avanza con capacitaciones espec\u00edficas para el personal que estar\u00e1 afectado al operativo, especialmente en lo vinculado al uso y control de neum\u00e1ticos de invierno. Las jornadas se realizar\u00e1n el 29 de abril en R\u00edo Grande y el 30 de abril en Ushuaia.<\/p>\n\n\n\n<p>En paralelo, se trabaja en la coordinaci\u00f3n de la pr\u00f3xima reuni\u00f3n plenaria del Comit\u00e9 de Emergencia (COE), prevista para la primera semana de mayo, donde se terminar\u00e1n de ajustar protocolos, recursos y formas de intervenci\u00f3n. En relaci\u00f3n a esto, Franco dijo que \u201cel operativo es el resultado de un trabajo conjunto, donde cada instituci\u00f3n cumple un rol clave para poder dar respuesta de manera r\u00e1pida y coordinada\u201d.<\/p>\n\n\n\n<p>El despliegue contar\u00e1 con la participaci\u00f3n de distintas \u00e1reas provinciales y nacionales, junto a municipios e instituciones que integran el COE, entre ellas fuerzas de seguridad, equipos de salud, organismos viales, manejo del fuego y cuerpos de bomberos voluntarios, todos bajo la coordinaci\u00f3n de Protecci\u00f3n Civil y la conducci\u00f3n operativa de la Subsecretar\u00eda de Seguridad Vial.<\/p>\n\n\n\n<p>Desde el Ejecutivo provincial se reiter\u00f3 que el objetivo es reducir la siniestralidad vial y garantizar la circulaci\u00f3n en rutas durante el invierno.<\/p>\n\n\n\n<p>Finalmente, se invita a la comunidad a informarse por los canales oficiales y a respetar las normas vigentes, entendiendo que la prevenci\u00f3n y la responsabilidad individual son claves para transitar de forma segura el invierno fueguino.<\/p>\n","protected":false},"excerpt":{"rendered":"<p>El Gobierno de la Provincia de Tierra del Fuego AIAS anunci\u00f3 el inicio del Operativo&#8230;<\/p>\n","protected":false},"author":1,"featured_media":18320,"comment_status":"open","ping_status":"open","sticky":true,"template":"","format":"standard","meta":{"footnotes":""},"categories":[41],"tags":[],"_links":{"self":[{"href":"https:\/\/infoglobalsur.ar\/index.php?rest_route=\/wp\/v2\/posts\/18319"}],"collection":[{"href":"https:\/\/infoglobalsur.ar\/index.php?rest_route=\/wp\/v2\/posts"}],"about":[{"href":"https:\/\/infoglobalsur.ar\/index.php?rest_route=\/wp\/v2\/types\/post"}],"author":[{"embeddable":true,"href":"https:\/\/infoglobalsur.ar\/index.php?rest_route=\/wp\/v2\/users\/1"}],"replies":[{"embeddable":true,"href":"https:\/\/infoglobalsur.ar\/index.php?rest_route=%2Fwp%2Fv2%2Fcomments&post=18319"}],"version-history":[{"count":1,"href":"https:\/\/infoglobalsur.ar\/index.php?rest_route=\/wp\/v2\/posts\/18319\/revisions"}],"predecessor-version":[{"id":18321,"href":"https:\/\/infoglobalsur.ar\/index.php?rest_route=\/wp\/v2\/posts\/18319\/revisions\/18321"}],"wp:featuredmedia":[{"embeddable":true,"href":"https:\/\/infoglobalsur.ar\/index.php?rest_route=\/wp\/v2\/media\/18320"}],"wp:attachment":[{"href":"https:\/\/infoglobalsur.ar\/index.php?rest_route=%2Fwp%2Fv2%2Fmedia&parent=18319"}],"wp:term":[{"taxonomy":"category","embeddable":true,"href":"https:\/\/infoglobalsur.ar\/index.php?rest_route=%2Fwp%2Fv2%2Fcategories&post=18319"},{"taxonomy":"post_tag","embeddable":true,"href":"https:\/\/infoglobalsur.ar\/index.php?rest_route=%2Fwp%2Fv2%2Ftags&post=18319"}],"curies":[{"name":"wp","href":"https:\/\/api.w.org\/{rel}","templated":true}]}}