{"id":18322,"date":"2026-04-29T10:05:20","date_gmt":"2026-04-29T13:05:20","guid":{"rendered":"https:\/\/infoglobalsur.ar\/?p=18322"},"modified":"2026-04-29T10:05:21","modified_gmt":"2026-04-29T13:05:21","slug":"victoria-vuoto-cuestiono-al-ejecutivo-por-no-declarar-la-emergencia-previsional-policial-a-tiempo","status":"publish","type":"post","link":"https:\/\/infoglobalsur.ar\/?p=18322","title":{"rendered":"Victoria Vuoto cuestion\u00f3 al Ejecutivo por no declarar la emergencia previsional policial a tiempo"},"content":{"rendered":"\n<p>Al t\u00e9rmino de la Comisi\u00f3n de Seguridad y Justicia N\u00ba 6, presidida por Natalia Gracian\u00eda (LLA), la parlamentaria reconoci\u00f3 ante Prensa Legislativa que se encontraron con un \u00abpanorama bastante m\u00e1s preocupante de lo que pensaban\u00bb. Esto se debe a las declaraciones del ministro Jefe de Gabinete, Jorge Canals quien afirm\u00f3 que la Caja de la Polic\u00eda \u00abest\u00e1 quebrada\u00bb.<\/p>\n\n\n\n<p>La evaluaci\u00f3n de la Legisladora se dio tras la exposici\u00f3n de funcionarios de Gobierno y responsables de la Caja Previsional para el Personal Policial y Penitenciario Provincial y Compensadora para el Personal Policial del Exterritorio de Tierra del Fuego. A estos se les consult\u00f3 sobre las acciones pol\u00edticas previstas para cancelar la deuda que se mantiene, desde hace once meses, con los jubilados de la fuerza.<\/p>\n\n\n\n<p>\u201cSe trata de un tema de estricta actualidad. La Legislatura es una caja de resonancia de la agenda p\u00fablica de Tierra del Fuego, aun sin un proyecto concreto a tratar. El interrogante mayor es c\u00f3mo se va a afrontar la deuda con los jubilados del exterritorio\u201d, sostuvo Gracian\u00eda durante el encuentro.<\/p>\n\n\n\n<p>Asimismo, la Parlamentaria se\u00f1al\u00f3 que esta fue la tercera reuni\u00f3n sobre el tema. En el encuentro se volvi\u00f3 a escuchar a los jubilados y sus familiares, quienes reclaman desde hace meses por la falta de pago de sus haberes. Al respecto, precis\u00f3: \u201cTienen actualmente una deuda con los 540 polic\u00edas territoriales jubilados que asciende a los 6.600 millones de pesos\u201d.<\/p>\n\n\n\n<p>\u201cNo tienen un plan para pagarles de inmediato. Lo que qued\u00f3 expresado en la mesa de debate es que este problema se conoce desde hace muchos a\u00f1os; el Gobierno y la Caja sab\u00edan de la situaci\u00f3n\u201d, sentenci\u00f3 Gracian\u00eda.<\/p>\n\n\n\n<p>Como cierre, la Legisladora adelant\u00f3 que existe el compromiso de presentar, en un plazo de diez d\u00edas, un proyecto de Ley para la sostenibilidad del sistema previsional policial y penitenciario. Adem\u00e1s, el Jefe de Gabinete anunci\u00f3 un programa paliativo para los pr\u00f3ximos cinco meses.<\/p>\n\n\n\n<p>La legisladora Mar\u00eda Victoria Vuoto (PJ) tambi\u00e9n fij\u00f3 postura y record\u00f3 la existencia de informes de auditor\u00eda de 2022 que ya detallaban el nivel de endeudamiento de la Caja. En ese sentido, cuestion\u00f3 por qu\u00e9 el Ejecutivo no present\u00f3 oportunamente un proyecto de Ley de Emergencia para el \u00e1rea.<\/p>\n\n\n\n<p>Por su parte, el legislador Pablo Villegas (MPF) critic\u00f3 la distribuci\u00f3n de recursos: \u201cSe pagan gastos de representaci\u00f3n por 18 millones de pesos mensuales a los directores de la Caja de Polic\u00eda, mientras que no se les paga a los jubilados territoriales\u201d.<\/p>\n\n\n\n<p>En representaci\u00f3n del Gobierno asisti\u00f3 el ministro Jefe de Gabinete, Jorge Canals, junto a miembros de la Caja Previsional para el Personal Policial y Penitenciario y de la Caja Compensadora.<\/p>\n\n\n\n<p>Estuvieron presentes los legisladores Tom\u00e1s Garc\u00eda y Juan Carlos Pino (PJ), Pablo Villegas (MPF), Luciano Selzer (LLA) y Federico Sciurano (FORJA) y las legisladoras Natalia Gracian\u00eda (LLA), Myriam Mart\u00ednez (FORJA) y Mar\u00eda Victoria Vuoto (PJ). De manera remota se sumaron Mar\u00eda Laura Colazo (PV), Gisela Dos Santos (ST), Mat\u00edas Lapadula (PG) y Ra\u00fal Von der Thusen (SF).<\/p>\n","protected":false},"excerpt":{"rendered":"<p>Al t\u00e9rmino de la Comisi\u00f3n de Seguridad y Justicia N\u00ba 6, presidida por Natalia Gracian\u00eda&#8230;<\/p>\n","protected":false},"author":1,"featured_media":18323,"comment_status":"closed","ping_status":"closed","sticky":true,"template":"","format":"standard","meta":{"footnotes":""},"categories":[286],"tags":[],"_links":{"self":[{"href":"https:\/\/infoglobalsur.ar\/index.php?rest_route=\/wp\/v2\/posts\/18322"}],"collection":[{"href":"https:\/\/infoglobalsur.ar\/index.php?rest_route=\/wp\/v2\/posts"}],"about":[{"href":"https:\/\/infoglobalsur.ar\/index.php?rest_route=\/wp\/v2\/types\/post"}],"author":[{"embeddable":true,"href":"https:\/\/infoglobalsur.ar\/index.php?rest_route=\/wp\/v2\/users\/1"}],"replies":[{"embeddable":true,"href":"https:\/\/infoglobalsur.ar\/index.php?rest_route=%2Fwp%2Fv2%2Fcomments&post=18322"}],"version-history":[{"count":1,"href":"https:\/\/infoglobalsur.ar\/index.php?rest_route=\/wp\/v2\/posts\/18322\/revisions"}],"predecessor-version":[{"id":18324,"href":"https:\/\/infoglobalsur.ar\/index.php?rest_route=\/wp\/v2\/posts\/18322\/revisions\/18324"}],"wp:featuredmedia":[{"embeddable":true,"href":"https:\/\/infoglobalsur.ar\/index.php?rest_route=\/wp\/v2\/media\/18323"}],"wp:attachment":[{"href":"https:\/\/infoglobalsur.ar\/index.php?rest_route=%2Fwp%2Fv2%2Fmedia&parent=18322"}],"wp:term":[{"taxonomy":"category","embeddable":true,"href":"https:\/\/infoglobalsur.ar\/index.php?rest_route=%2Fwp%2Fv2%2Fcategories&post=18322"},{"taxonomy":"post_tag","embeddable":true,"href":"https:\/\/infoglobalsur.ar\/index.php?rest_route=%2Fwp%2Fv2%2Ftags&post=18322"}],"curies":[{"name":"wp","href":"https:\/\/api.w.org\/{rel}","templated":true}]}}