{"id":18359,"date":"2026-04-29T11:42:17","date_gmt":"2026-04-29T14:42:17","guid":{"rendered":"https:\/\/infoglobalsur.ar\/?p=18359"},"modified":"2026-04-29T11:44:35","modified_gmt":"2026-04-29T14:44:35","slug":"melella-convoco-a-elecciones-de-convencionales-para-el-9-de-agosto","status":"publish","type":"post","link":"https:\/\/infoglobalsur.ar\/?p=18359","title":{"rendered":"Melella convoc\u00f3 a elecciones de convencionales para el 9 de agosto"},"content":{"rendered":"\n<p>El gobernador Gustavo Melella firm\u00f3 el decreto de convocatoria a elecciones para convencionales constituyentes, fijando la fecha de los comicios para el pr\u00f3ximo domingo 9 de agosto. Con esta decisi\u00f3n, el Ejecutivo provincial acelera los plazos institucionales y gana terreno frente a un arco opositor que buscaba frenar el proceso en el \u00e1mbito parlamentario.<\/p>\n\n\n\n<p>La firma del decreto se produce en un clima de fuerte tensi\u00f3n pol\u00edtica. El mandatario decidi\u00f3 adelantarse a la sesi\u00f3n legislativa prevista para este jueves, donde la oposici\u00f3n \u2014abroquelada tras un dictamen de comisi\u00f3n\u2014 pretend\u00eda aprobar una iniciativa para dar de baja el llamado a elecciones. Al formalizar la convocatoria antes del debate en el recinto, Melella evita el desgaste pol\u00edtico de un veto y traslada la discusi\u00f3n directamente al plano electoral y judicial.<\/p>\n\n\n\n<p>El decreto ya fue remitido a la Justicia Electoral de la Provincia, \u00f3rgano que ahora deber\u00e1 iniciar el cronograma formal. Este proceso incluye los hitos habituales: la presentaci\u00f3n de alianzas, la oficializaci\u00f3n de candidaturas y la validaci\u00f3n de boletas.<\/p>\n\n\n\n<p>Desde el Gobierno destacaron que estos comicios se desarrollar\u00e1n de manera independiente del calendario electoral nacional, enfoc\u00e1ndose exclusivamente en la conformaci\u00f3n de la Convenci\u00f3n Constituyente. Este cuerpo tendr\u00e1 la tarea hist\u00f3rica de debatir y sancionar modificaciones a la Constituci\u00f3n provincial, la cual no ha tenido una revisi\u00f3n integral desde su sanci\u00f3n original hace 35 a\u00f1os.<\/p>\n\n\n\n<p>La jugada del Ejecutivo busca consolidar la reforma antes de que la oposici\u00f3n logre articular una respuesta legislativa o judicial que logre paralizarla. Al firmar la normativa, Melella \u00abgana tiempo\u00bb y obliga a las fuerzas pol\u00edticas a volcarse a la campa\u00f1a para elegir a los representantes que discutir\u00e1n el nuevo cuerpo normativo de la isla.<\/p>\n\n\n\n<p>Durante la jornada del 9 de agosto, la ciudadan\u00eda fueguina elegir\u00e1 a los convencionales que tendr\u00e1n la responsabilidad de actualizar una Carta Magna que, seg\u00fan el oficialismo, requiere una modernizaci\u00f3n para adaptarse a los desaf\u00edos actuales de Tierra del Fuego.<\/p>\n\n\n\n<p>La sesi\u00f3n legislativa de este jueves se presentaba como el \u00faltimo obst\u00e1culo firme para el proyecto oficial. Con el dictamen para suspender la reforma ya emitido en comisi\u00f3n, el oficialismo detect\u00f3 que los n\u00fameros en el recinto no le eran favorables. La firma anticipada del decreto de convocatoria desarticula, en la pr\u00e1ctica, la efectividad inmediata de cualquier resoluci\u00f3n legislativa contraria, blindando el inicio del proceso electoral.<\/p>\n","protected":false},"excerpt":{"rendered":"<p>El gobernador Gustavo Melella firm\u00f3 el decreto de convocatoria a elecciones para convencionales constituyentes, fijando&#8230;<\/p>\n","protected":false},"author":1,"featured_media":503,"comment_status":"open","ping_status":"open","sticky":true,"template":"","format":"standard","meta":{"footnotes":""},"categories":[41],"tags":[],"_links":{"self":[{"href":"https:\/\/infoglobalsur.ar\/index.php?rest_route=\/wp\/v2\/posts\/18359"}],"collection":[{"href":"https:\/\/infoglobalsur.ar\/index.php?rest_route=\/wp\/v2\/posts"}],"about":[{"href":"https:\/\/infoglobalsur.ar\/index.php?rest_route=\/wp\/v2\/types\/post"}],"author":[{"embeddable":true,"href":"https:\/\/infoglobalsur.ar\/index.php?rest_route=\/wp\/v2\/users\/1"}],"replies":[{"embeddable":true,"href":"https:\/\/infoglobalsur.ar\/index.php?rest_route=%2Fwp%2Fv2%2Fcomments&post=18359"}],"version-history":[{"count":1,"href":"https:\/\/infoglobalsur.ar\/index.php?rest_route=\/wp\/v2\/posts\/18359\/revisions"}],"predecessor-version":[{"id":18360,"href":"https:\/\/infoglobalsur.ar\/index.php?rest_route=\/wp\/v2\/posts\/18359\/revisions\/18360"}],"wp:featuredmedia":[{"embeddable":true,"href":"https:\/\/infoglobalsur.ar\/index.php?rest_route=\/wp\/v2\/media\/503"}],"wp:attachment":[{"href":"https:\/\/infoglobalsur.ar\/index.php?rest_route=%2Fwp%2Fv2%2Fmedia&parent=18359"}],"wp:term":[{"taxonomy":"category","embeddable":true,"href":"https:\/\/infoglobalsur.ar\/index.php?rest_route=%2Fwp%2Fv2%2Fcategories&post=18359"},{"taxonomy":"post_tag","embeddable":true,"href":"https:\/\/infoglobalsur.ar\/index.php?rest_route=%2Fwp%2Fv2%2Ftags&post=18359"}],"curies":[{"name":"wp","href":"https:\/\/api.w.org\/{rel}","templated":true}]}}