{"id":18361,"date":"2026-04-29T11:53:54","date_gmt":"2026-04-29T14:53:54","guid":{"rendered":"https:\/\/infoglobalsur.ar\/?p=18361"},"modified":"2026-04-29T11:53:55","modified_gmt":"2026-04-29T14:53:55","slug":"la-oposicion-emitio-dictamen-para-derogar-la-reforma-constitucional-y-el-debate-llega-al-recinto-este-jueves","status":"publish","type":"post","link":"https:\/\/infoglobalsur.ar\/?p=18361","title":{"rendered":"La oposici\u00f3n emiti\u00f3 dictamen para derogar la reforma constitucional y el debate llega al recinto este jueves"},"content":{"rendered":"\n<p>La tensi\u00f3n pol\u00edtica en Tierra del Fuego alcanz\u00f3 un nuevo pico anoche, luego de que la Comisi\u00f3n de Legislaci\u00f3n General de la Legislatura Provincial emitiera un dictamen con mayor\u00eda agravada para avanzar en la derogaci\u00f3n de la Ley 1529. Esta normativa es la pieza fundamental que declara la necesidad de la reforma parcial de la Constituci\u00f3n Provincial y su posible anulaci\u00f3n pone en jaque el plan estrat\u00e9gico del Gobierno.<\/p>\n\n\n\n<p>La iniciativa de derogaci\u00f3n, impulsada por el legislador Jorge Lechman, fue incorporada oficialmente al orden del d\u00eda y ser\u00e1 tratada en el recinto este jueves 30 de abril. El escenario es complejo: aunque el gobernador Gustavo Melella ya formaliz\u00f3 el llamado a elecciones mediante decreto para el 9 de agosto, la definici\u00f3n final queda ahora bajo la responsabilidad de los parlamentarios, quienes tienen en sus manos la potestad de interrumpir o ratificar el proceso de reforma.<\/p>\n\n\n\n<p>El debate legislativo no solo se centra en la oportunidad de la reforma, sino que est\u00e1 atravesado por dos argumentos cr\u00edticos que la oposici\u00f3n ha instalado con fuerza:<\/p>\n\n\n\n<ol start=\"1\">\n<li>En un contexto de austeridad, diversos sectores cuestionan la partida presupuestaria millonaria que demandar\u00eda la organizaci\u00f3n de los comicios y el funcionamiento de la Convenci\u00f3n Constituyente. Sostienen que esos recursos deber\u00edan tener otros destinos prioritarios para la provincia.<\/li>\n\n\n\n<li>El temor pol\u00edtico m\u00e1s latente entre los opositores es que una modificaci\u00f3n de la Carta Magna abra la puerta a una nueva postulaci\u00f3n del actual gobernador en las elecciones de 2027, algo que hoy la Constituci\u00f3n de 1991 proh\u00edbe expl\u00edcitamente.<\/li>\n<\/ol>\n\n\n\n<p>La sesi\u00f3n de este jueves se perfila como una de las m\u00e1s determinantes del a\u00f1o. Si la Legislatura logra sancionar la derogaci\u00f3n de la Ley 1529 con la mayor\u00eda necesaria, el decreto de convocatoria firmado por Melella entrar\u00eda en un terreno de incertidumbre jur\u00eddica y conflicto de poderes que, muy probablemente, termine dirimi\u00e9ndose en los tribunales.<\/p>\n\n\n\n<p>Por el contrario, si la oposici\u00f3n no logra sostener la mayor\u00eda en el recinto, el camino hacia las urnas el pr\u00f3ximo 9 de agosto quedar\u00e1 despejado, dando inicio formal a la carrera por los convencionales constituyentes que tendr\u00e1n la tarea de reescribir parte de la historia institucional de Tierra del Fuego<\/p>\n","protected":false},"excerpt":{"rendered":"<p>La tensi\u00f3n pol\u00edtica en Tierra del Fuego alcanz\u00f3 un nuevo pico anoche, luego de que&#8230;<\/p>\n","protected":false},"author":1,"featured_media":12858,"comment_status":"open","ping_status":"open","sticky":true,"template":"","format":"standard","meta":{"footnotes":""},"categories":[41],"tags":[],"_links":{"self":[{"href":"https:\/\/infoglobalsur.ar\/index.php?rest_route=\/wp\/v2\/posts\/18361"}],"collection":[{"href":"https:\/\/infoglobalsur.ar\/index.php?rest_route=\/wp\/v2\/posts"}],"about":[{"href":"https:\/\/infoglobalsur.ar\/index.php?rest_route=\/wp\/v2\/types\/post"}],"author":[{"embeddable":true,"href":"https:\/\/infoglobalsur.ar\/index.php?rest_route=\/wp\/v2\/users\/1"}],"replies":[{"embeddable":true,"href":"https:\/\/infoglobalsur.ar\/index.php?rest_route=%2Fwp%2Fv2%2Fcomments&post=18361"}],"version-history":[{"count":1,"href":"https:\/\/infoglobalsur.ar\/index.php?rest_route=\/wp\/v2\/posts\/18361\/revisions"}],"predecessor-version":[{"id":18362,"href":"https:\/\/infoglobalsur.ar\/index.php?rest_route=\/wp\/v2\/posts\/18361\/revisions\/18362"}],"wp:featuredmedia":[{"embeddable":true,"href":"https:\/\/infoglobalsur.ar\/index.php?rest_route=\/wp\/v2\/media\/12858"}],"wp:attachment":[{"href":"https:\/\/infoglobalsur.ar\/index.php?rest_route=%2Fwp%2Fv2%2Fmedia&parent=18361"}],"wp:term":[{"taxonomy":"category","embeddable":true,"href":"https:\/\/infoglobalsur.ar\/index.php?rest_route=%2Fwp%2Fv2%2Fcategories&post=18361"},{"taxonomy":"post_tag","embeddable":true,"href":"https:\/\/infoglobalsur.ar\/index.php?rest_route=%2Fwp%2Fv2%2Ftags&post=18361"}],"curies":[{"name":"wp","href":"https:\/\/api.w.org\/{rel}","templated":true}]}}