{"id":18374,"date":"2026-04-30T03:52:00","date_gmt":"2026-04-30T06:52:00","guid":{"rendered":"https:\/\/infoglobalsur.ar\/?p=18374"},"modified":"2026-04-29T15:57:16","modified_gmt":"2026-04-29T18:57:16","slug":"adhesion-al-rigi-y-goteo-diario-para-la-osef-obtuvieron-dictamen-de-mayoria","status":"publish","type":"post","link":"https:\/\/infoglobalsur.ar\/?p=18374","title":{"rendered":"Adhesi\u00f3n al RIGI y \u00abgoteo diario\u00bb para la OSEF obtuvieron dictamen de mayor\u00eda"},"content":{"rendered":"\n<p>En una jornada legislativa de alta intensidad que se extendi\u00f3 hasta pasadas las 22 horas de ayer, las comisiones de Legislaci\u00f3n General (N\u00ba 1) y de Presupuesto (N\u00ba 2) emitieron dict\u00e1menes de mayor\u00eda sobre un paquete de proyectos de alto impacto pol\u00edtico y social para Tierra del Fuego. Con el aval t\u00e9cnico de funcionarios del Ejecutivo, los asuntos quedaron en condiciones de ser tratados en la pr\u00f3xima segunda Sesi\u00f3n Ordinaria.<\/p>\n\n\n\n<h3 class=\"wp-block-heading\">El RIGI y el futuro de la industria<\/h3>\n\n\n\n<p>El debate inici\u00f3 pasadas las 14 h bajo la conducci\u00f3n del legislador Ra\u00fal Von der Thusen (SF). El foco principal estuvo puesto en el asunto N\u00ba 016\/26, el proyecto de Ley impulsado por el bloque de La Libertad Avanza para que la provincia adhiera al R\u00e9gimen de Incentivo para Grandes Inversiones (RIGI), enmarcado en la Ley nacional N\u00ba 27.742. La iniciativa logr\u00f3 el consenso mayoritario en ambas comisiones.<\/p>\n\n\n\n<p>En este marco, la secretaria de Industria, Alejandra Man, expuso ante los parlamentarios sobre los alcances del Decreto nacional N\u00ba 252\/2026. La funcionaria detall\u00f3 c\u00f3mo esta normativa nacional, que modifica la legislaci\u00f3n para empresas exportadoras, impactar\u00e1 directamente en el r\u00e9gimen industrial fueguino.<\/p>\n\n\n\n<h3 class=\"wp-block-heading\">Reforma Constitucional y Previsi\u00f3n Social<\/h3>\n\n\n\n<p>Otro de los puntos \u00e1lgidos de la jornada fue el tratamiento del asunto N\u00ba 057\/26. El bloque Somos Fueguinos logr\u00f3 dictamen de mayor\u00eda para su proyecto que busca la abrogaci\u00f3n de la Ley provincial N\u00ba 1529, la cual propone la reforma parcial de la Constituci\u00f3n de la Provincia.<\/p>\n\n\n\n<p>En materia de seguridad social, la situaci\u00f3n de la Obra Social del Estado Fueguino (OSEF) ocup\u00f3 un lugar central. Se suscribieron dict\u00e1menes favorables para los asuntos N\u00ba 163\/26 y N\u00ba 165\/26, que proponen modificaciones en la conformaci\u00f3n y el funcionamiento del Directorio de la instituci\u00f3n.<\/p>\n\n\n\n<h3 class=\"wp-block-heading\">\u00abGoteo diario\u00bb y servicios b\u00e1sicos<\/h3>\n\n\n\n<p>Desde la Comisi\u00f3n de Presupuesto, presidida por Mat\u00edas Lapadula (SF), se analiz\u00f3 la viabilidad econ\u00f3mica de las propuestas con la presencia del ministro de Econom\u00eda, Alejandro Barrozo, y el titular de la AREF, Oscar Bahamonde.<\/p>\n\n\n\n<p>Bajo este an\u00e1lisis, el proyecto del bloque PJ (asunto N\u00ba 109\/26) que establece un sistema de goteo diario para fondos de seguridad social obtuvo dictamen de mayor\u00eda. A esto se sum\u00f3 el acompa\u00f1amiento al asunto N\u00ba 366\/25 (Provincia Grande), que propone la transferencia inmediata de aportes y contribuciones tanto a la OSEF como a las Cajas Previsionales, buscando garantizar la liquidez del sistema sanitario y previsional.<\/p>\n\n\n\n<p>Finalmente, en un contexto de preocupaci\u00f3n por el costo de vida, la bancada del PJ logr\u00f3 avanzar con el dictamen del asunto N\u00ba 038\/25, que propone prohibir el corte de suministros de servicios b\u00e1sicos durante la \u00e9poca invernal, una medida de protecci\u00f3n social considerada vital para la regi\u00f3n.<\/p>\n\n\n\n<p>Con los dict\u00e1menes ya firmados, la expectativa se traslada ahora al recinto, donde las distintas fuerzas pol\u00edticas deber\u00e1n ratificar estas posturas en la votaci\u00f3n definitiva.<\/p>\n","protected":false},"excerpt":{"rendered":"<p>En una jornada legislativa de alta intensidad que se extendi\u00f3 hasta pasadas las 22 horas&#8230;<\/p>\n","protected":false},"author":1,"featured_media":18375,"comment_status":"open","ping_status":"open","sticky":true,"template":"","format":"standard","meta":{"footnotes":""},"categories":[286],"tags":[],"_links":{"self":[{"href":"https:\/\/infoglobalsur.ar\/index.php?rest_route=\/wp\/v2\/posts\/18374"}],"collection":[{"href":"https:\/\/infoglobalsur.ar\/index.php?rest_route=\/wp\/v2\/posts"}],"about":[{"href":"https:\/\/infoglobalsur.ar\/index.php?rest_route=\/wp\/v2\/types\/post"}],"author":[{"embeddable":true,"href":"https:\/\/infoglobalsur.ar\/index.php?rest_route=\/wp\/v2\/users\/1"}],"replies":[{"embeddable":true,"href":"https:\/\/infoglobalsur.ar\/index.php?rest_route=%2Fwp%2Fv2%2Fcomments&post=18374"}],"version-history":[{"count":1,"href":"https:\/\/infoglobalsur.ar\/index.php?rest_route=\/wp\/v2\/posts\/18374\/revisions"}],"predecessor-version":[{"id":18376,"href":"https:\/\/infoglobalsur.ar\/index.php?rest_route=\/wp\/v2\/posts\/18374\/revisions\/18376"}],"wp:featuredmedia":[{"embeddable":true,"href":"https:\/\/infoglobalsur.ar\/index.php?rest_route=\/wp\/v2\/media\/18375"}],"wp:attachment":[{"href":"https:\/\/infoglobalsur.ar\/index.php?rest_route=%2Fwp%2Fv2%2Fmedia&parent=18374"}],"wp:term":[{"taxonomy":"category","embeddable":true,"href":"https:\/\/infoglobalsur.ar\/index.php?rest_route=%2Fwp%2Fv2%2Fcategories&post=18374"},{"taxonomy":"post_tag","embeddable":true,"href":"https:\/\/infoglobalsur.ar\/index.php?rest_route=%2Fwp%2Fv2%2Ftags&post=18374"}],"curies":[{"name":"wp","href":"https:\/\/api.w.org\/{rel}","templated":true}]}}