{"id":18381,"date":"2026-04-30T10:29:37","date_gmt":"2026-04-30T13:29:37","guid":{"rendered":"https:\/\/infoglobalsur.ar\/?p=18381"},"modified":"2026-04-30T10:29:38","modified_gmt":"2026-04-30T13:29:38","slug":"adorni-defendio-sus-viajes-en-diputados-pero-evito-precisiones-sobre-su-patrimonio","status":"publish","type":"post","link":"https:\/\/infoglobalsur.ar\/?p=18381","title":{"rendered":"Adorni defendi\u00f3 sus viajes en Diputados, pero evit\u00f3 precisiones sobre su patrimonio"},"content":{"rendered":"\n<p>En su primer informe de gesti\u00f3n, el Jefe de Gabinete respondi\u00f3 por la presencia de su esposa en comitivas oficiales y neg\u00f3 irregularidades. Sin embargo, no brind\u00f3 detalles sobre la compra de departamentos de lujo que cuestiona la oposici\u00f3n.<\/p>\n\n\n\n<p>Tras m\u00e1s de un mes de silencio p\u00fablico sobre los puntos m\u00e1s cr\u00edticos de su patrimonio y gesti\u00f3n, el Jefe de Gabinete, Manuel Adorni, se present\u00f3 ante la C\u00e1mara de Diputados para brindar el <strong>Informe 145<\/strong>. En una sesi\u00f3n marcada por la hostilidad pol\u00edtica y la presencia del presidente Javier Milei en el recinto, el funcionario centr\u00f3 su defensa en los viajes al exterior, aunque dej\u00f3 flancos abiertos en lo relativo a sus \u00faltimas adquisiciones inmobiliarias.<\/p>\n\n\n\n<p>Uno de los momentos de mayor cruce se dio cuando la oposici\u00f3n cuestion\u00f3 la inclusi\u00f3n de su esposa en una comitiva oficial a Estados Unidos en marzo de este a\u00f1o. Al respecto, Adorni sostuvo que la Justicia ya desestim\u00f3 cualquier anomal\u00eda.<\/p>\n\n\n\n<blockquote class=\"wp-block-quote\">\n<p>\u201cSe comprob\u00f3 judicialmente que no hubo ning\u00fan gasto de vi\u00e1tico, alojamiento o comida por parte del Estado Nacional para mi esposa\u201d, afirm\u00f3 el funcionario, detallando que el viaje a Miami y Nueva York tuvo fines estrictamente oficiales para el Presidente, pero que la invitaci\u00f3n a su c\u00f3nyuge fue una decisi\u00f3n discrecional que no cost\u00f3 fondos p\u00fablicos.<\/p>\n<\/blockquote>\n\n\n\n<p>Asimismo, calific\u00f3 como \u00abtendenciosas y falsas\u00bb las versiones que indicaban que terceros habr\u00edan costeado traslados personales suyos. \u00abHe afrontado yo mismo los pagos de todos los viajes realizados con mi familia por vacaciones\u00bb, sentenci\u00f3.<\/p>\n\n\n\n<p>Pese a que el cuestionario previo inclu\u00eda m\u00e1s de 4.000 preguntas, la oposici\u00f3n hizo hincapi\u00e9 en el crecimiento patrimonial del Jefe de Gabinete, espec\u00edficamente en la compra de departamentos valuados en miles de d\u00f3lares. Sobre este punto, Adorni opt\u00f3 por una respuesta t\u00e9cnica y esquiva.<\/p>\n\n\n\n<p>El funcionario record\u00f3 que sus declaraciones juradas tienen un componente reservado que se encuentra bajo la \u00f3rbita de la Oficina Anticorrupci\u00f3n y al que \u00absolo puede acceder la Justicia ante un requerimiento formal\u00bb. De esta manera, evit\u00f3 dar explicaciones directas sobre el origen de los fondos para dichas transacciones en el recinto, limit\u00e1ndose a decir que \u00abno cometi\u00f3 ning\u00fan delito\u00bb.<\/p>\n\n\n\n<p>La jornada tambi\u00e9n estuvo salpicada por sospechas de tr\u00e1fico de influencias y v\u00ednculos con contrataciones estatales, en el marco del denominado Caso $LIBRA. Adorni fue tajante al negar cualquier intervenci\u00f3n administrativa en favor de terceros: \u201cEs falso que yo haya coordinado la aprobaci\u00f3n de contrataciones para personas con supuestos v\u00ednculos previos\u201d.<\/p>\n\n\n\n<p>El cierre de la exposici\u00f3n dej\u00f3 un fuerte mensaje pol\u00edtico. Adorni acus\u00f3 a los bloques opositores de montar \u00aboperaciones pol\u00edticas\u00bb que, seg\u00fan sus palabras, se caen cuando interviene el Poder Judicial.<\/p>\n\n\n\n<p>La sesi\u00f3n de hoy no solo ratific\u00f3 la profunda divisi\u00f3n en el Congreso, sino que anticip\u00f3 que el control sobre la transparencia de los funcionarios del Ejecutivo seguir\u00e1 siendo el principal campo de batalla legislativo en los meses venideros.<\/p>\n","protected":false},"excerpt":{"rendered":"<p>En su primer informe de gesti\u00f3n, el Jefe de Gabinete respondi\u00f3 por la presencia de&#8230;<\/p>\n","protected":false},"author":1,"featured_media":18384,"comment_status":"open","ping_status":"open","sticky":true,"template":"","format":"standard","meta":{"footnotes":""},"categories":[8],"tags":[],"_links":{"self":[{"href":"https:\/\/infoglobalsur.ar\/index.php?rest_route=\/wp\/v2\/posts\/18381"}],"collection":[{"href":"https:\/\/infoglobalsur.ar\/index.php?rest_route=\/wp\/v2\/posts"}],"about":[{"href":"https:\/\/infoglobalsur.ar\/index.php?rest_route=\/wp\/v2\/types\/post"}],"author":[{"embeddable":true,"href":"https:\/\/infoglobalsur.ar\/index.php?rest_route=\/wp\/v2\/users\/1"}],"replies":[{"embeddable":true,"href":"https:\/\/infoglobalsur.ar\/index.php?rest_route=%2Fwp%2Fv2%2Fcomments&post=18381"}],"version-history":[{"count":1,"href":"https:\/\/infoglobalsur.ar\/index.php?rest_route=\/wp\/v2\/posts\/18381\/revisions"}],"predecessor-version":[{"id":18385,"href":"https:\/\/infoglobalsur.ar\/index.php?rest_route=\/wp\/v2\/posts\/18381\/revisions\/18385"}],"wp:featuredmedia":[{"embeddable":true,"href":"https:\/\/infoglobalsur.ar\/index.php?rest_route=\/wp\/v2\/media\/18384"}],"wp:attachment":[{"href":"https:\/\/infoglobalsur.ar\/index.php?rest_route=%2Fwp%2Fv2%2Fmedia&parent=18381"}],"wp:term":[{"taxonomy":"category","embeddable":true,"href":"https:\/\/infoglobalsur.ar\/index.php?rest_route=%2Fwp%2Fv2%2Fcategories&post=18381"},{"taxonomy":"post_tag","embeddable":true,"href":"https:\/\/infoglobalsur.ar\/index.php?rest_route=%2Fwp%2Fv2%2Ftags&post=18381"}],"curies":[{"name":"wp","href":"https:\/\/api.w.org\/{rel}","templated":true}]}}