{"id":18386,"date":"2026-04-30T10:51:17","date_gmt":"2026-04-30T13:51:17","guid":{"rendered":"https:\/\/infoglobalsur.ar\/?p=18386"},"modified":"2026-04-30T10:51:18","modified_gmt":"2026-04-30T13:51:18","slug":"alejandra-man-aseguro-ante-la-legislatura-que-el-dnu-252-no-afecta-los-beneficios-provinciales","status":"publish","type":"post","link":"https:\/\/infoglobalsur.ar\/?p=18386","title":{"rendered":"Alejandra Man asegur\u00f3 ante la Legislatura que el DNU 252 no afecta los beneficios provinciales"},"content":{"rendered":"\n<p>Se llev\u00f3 adelante una nueva reuni\u00f3n de la Comisi\u00f3n de Legislaci\u00f3n General N\u00b0 1, presidida por el legislador Ra\u00fal Von der Thusen. En esta oportunidad, los parlamentarios recibieron a la secretaria de Promoci\u00f3n e Industria del Gobierno fueguino, Alejandra Man, y a su equipo t\u00e9cnico, para analizar el alcance y las implicancias del Decreto de Necesidad y Urgencia (DNU) N\u00ba 252\/26.<\/p>\n\n\n\n<p>Durante el encuentro, la funcionaria brind\u00f3 un an\u00e1lisis t\u00e9cnico y jur\u00eddico sobre la normativa nacional que introduce modificaciones al Decreto N\u00b0 688\/2002, regulatorio del R\u00e9gimen de Aduana en Factor\u00eda (RAF). Seg\u00fan explic\u00f3 Man, el nuevo DNU busca reducir costos de transacci\u00f3n y fomentar la competitividad mediante la eliminaci\u00f3n de restricciones por rama industrial, la quita de exigencias de actas-convenio y la posibilidad de utilizar garant\u00edas individuales.<\/p>\n\n\n\n<p>Tras una evaluaci\u00f3n realizada junto a c\u00e1maras empresariales y la aduana local, la secretaria llev\u00f3 tranquilidad respecto a la vigencia del r\u00e9gimen promocional de la isla: \u201cEste Decreto no modifica los beneficios fiscales vigentes bajo la Ley nacional N\u00ba 19.640. De manera directa, no afecta los beneficios con los que cuenta la Provincia\u201d, afirm\u00f3 de manera categ\u00f3rica.<\/p>\n\n\n\n<p>Pese a la estabilidad normativa, Man advirti\u00f3 sobre la delicada situaci\u00f3n que atraviesa el sector productivo local. \u201cObservamos diariamente una reducci\u00f3n en las l\u00edneas productivas, lo que se traduce en una ca\u00edda del empleo. Es una preocupaci\u00f3n compartida por los distintos sectores, dado el impacto directo en la econom\u00eda provincial\u201d, expres\u00f3 la funcionaria.<\/p>\n\n\n\n<p>Finalmente, desde la Secretar\u00eda de Promoci\u00f3n e Industria informaron que se encuentran trabajando en una propuesta para elevar al Gobierno nacional, con el fin de introducir modificaciones en el subr\u00e9gimen de promoci\u00f3n industrial. El objetivo es flexibilizar las limitaciones que actualmente tienen las empresas sobre los productos aprobados, buscando dinamizar la actividad frente al contexto actual.<\/p>\n\n\n\n<p>Del debate participaron las y los legisladores Mar\u00eda Victoria Vuoto (PJ), Myriam Mart\u00ednez (FORJA), Natalia Gracian\u00eda (LLA), Mar\u00eda Laura Colazo (PV), Gisela Dos Santos (ST), Juan Carlos Pino (PJ), Pablo Villegas (MPF), Mat\u00edas Lapadula (PG), Jorge Lechman (SF), Luciano Selzer (LLA) y Tomas Garc\u00eda (PJ).<\/p>\n","protected":false},"excerpt":{"rendered":"<p>Se llev\u00f3 adelante una nueva reuni\u00f3n de la Comisi\u00f3n de Legislaci\u00f3n General N\u00b0 1, presidida&#8230;<\/p>\n","protected":false},"author":1,"featured_media":18387,"comment_status":"open","ping_status":"open","sticky":true,"template":"","format":"standard","meta":{"footnotes":""},"categories":[286],"tags":[],"_links":{"self":[{"href":"https:\/\/infoglobalsur.ar\/index.php?rest_route=\/wp\/v2\/posts\/18386"}],"collection":[{"href":"https:\/\/infoglobalsur.ar\/index.php?rest_route=\/wp\/v2\/posts"}],"about":[{"href":"https:\/\/infoglobalsur.ar\/index.php?rest_route=\/wp\/v2\/types\/post"}],"author":[{"embeddable":true,"href":"https:\/\/infoglobalsur.ar\/index.php?rest_route=\/wp\/v2\/users\/1"}],"replies":[{"embeddable":true,"href":"https:\/\/infoglobalsur.ar\/index.php?rest_route=%2Fwp%2Fv2%2Fcomments&post=18386"}],"version-history":[{"count":1,"href":"https:\/\/infoglobalsur.ar\/index.php?rest_route=\/wp\/v2\/posts\/18386\/revisions"}],"predecessor-version":[{"id":18388,"href":"https:\/\/infoglobalsur.ar\/index.php?rest_route=\/wp\/v2\/posts\/18386\/revisions\/18388"}],"wp:featuredmedia":[{"embeddable":true,"href":"https:\/\/infoglobalsur.ar\/index.php?rest_route=\/wp\/v2\/media\/18387"}],"wp:attachment":[{"href":"https:\/\/infoglobalsur.ar\/index.php?rest_route=%2Fwp%2Fv2%2Fmedia&parent=18386"}],"wp:term":[{"taxonomy":"category","embeddable":true,"href":"https:\/\/infoglobalsur.ar\/index.php?rest_route=%2Fwp%2Fv2%2Fcategories&post=18386"},{"taxonomy":"post_tag","embeddable":true,"href":"https:\/\/infoglobalsur.ar\/index.php?rest_route=%2Fwp%2Fv2%2Ftags&post=18386"}],"curies":[{"name":"wp","href":"https:\/\/api.w.org\/{rel}","templated":true}]}}