{"id":18394,"date":"2026-04-30T11:37:33","date_gmt":"2026-04-30T14:37:33","guid":{"rendered":"https:\/\/infoglobalsur.ar\/?p=18394"},"modified":"2026-04-30T11:37:35","modified_gmt":"2026-04-30T14:37:35","slug":"anulan-el-procesamiento-de-alberto-fernandez-en-la-causa-por-irregularidades-en-seguros","status":"publish","type":"post","link":"https:\/\/infoglobalsur.ar\/?p=18394","title":{"rendered":"Anulan el procesamiento de Alberto Fern\u00e1ndez en la causa por irregularidades en seguros"},"content":{"rendered":"\n<p>La C\u00e1mara Federal de Casaci\u00f3n Penal dej\u00f3 sin efecto la medida que pesaba sobre el expresidente. El tribunal consider\u00f3 que el procesamiento presentaba fallas en su fundamentaci\u00f3n y orden\u00f3 profundizar la investigaci\u00f3n.<\/p>\n\n\n\n<p>En un giro judicial de relevancia, la C\u00e1mara Federal de Casaci\u00f3n Penal decidi\u00f3 anular este jueves el procesamiento que pesaba sobre el expresidente Alberto Fern\u00e1ndez. La medida se dio en el marco de la causa que investiga presuntas irregularidades en la contrataci\u00f3n de seguros para organismos estatales a trav\u00e9s de la mediaci\u00f3n de brokers durante su gesti\u00f3n.<\/p>\n\n\n\n<p>El m\u00e1ximo tribunal penal del pa\u00eds analiz\u00f3 los recursos presentados por la defensa del exmandatario y concluy\u00f3 que la resoluci\u00f3n dictada en la instancia anterior no contaba con los fundamentos s\u00f3lidos necesarios para sostener el procesamiento en esta etapa del proceso.<\/p>\n\n\n\n<p>Los magistrados de Casaci\u00f3n se\u00f1alaron que existen \u00abvicios en la motivaci\u00f3n\u00bb del procesamiento, lo que implica que las pruebas presentadas hasta el momento no logran acreditar con el grado de certeza requerido la participaci\u00f3n directa de Fern\u00e1ndez en las maniobras investigadas.<\/p>\n\n\n\n<p>Con esta decisi\u00f3n, la causa no se cierra, sino que vuelve a una instancia previa. El tribunal orden\u00f3 que se contin\u00fae con la recolecci\u00f3n de pruebas y que se realice un an\u00e1lisis m\u00e1s exhaustivo de la cadena de responsabilidades en la firma de los decretos y convenios que permitieron la intervenci\u00f3n de los intermediarios de seguros bajo la \u00f3rbita de Naci\u00f3n Seguros.<\/p>\n\n\n\n<p>La causa se inici\u00f3 a ra\u00edz de denuncias sobre un supuesto esquema de beneficios a favor de ciertos productores de seguros vinculados al entorno del expresidente. Se investigaba si la obligatoriedad de contratar con la aseguradora estatal \u2014establecida v\u00eda decreto\u2014 ocultaba un mecanismo para el pago de comisiones millonarias a terceros.<\/p>\n\n\n\n<p>La anulaci\u00f3n del procesamiento representa un alivio judicial para Alberto Fern\u00e1ndez, quien desde el inicio del expediente ha negado cualquier tipo de irregularidad, sosteniendo que las contrataciones buscaban optimizar los recursos del Estado y que no hubo direccionamiento en favor de intermediarios particulares.<\/p>\n\n\n\n<p>La noticia genera un fuerte impacto en el arco pol\u00edtico nacional, ya que la \u00abCausa Seguros\u00bb es uno de los expedientes que m\u00e1s presi\u00f3n ha ejercido sobre la figura del exjefe de Estado. Ahora, la Justicia deber\u00e1 determinar si existen elementos nuevos para avanzar en una acusaci\u00f3n formal o si el proceso camina hacia el sobreseimiento definitivo.<\/p>\n","protected":false},"excerpt":{"rendered":"<p>La C\u00e1mara Federal de Casaci\u00f3n Penal dej\u00f3 sin efecto la medida que pesaba sobre el&#8230;<\/p>\n","protected":false},"author":1,"featured_media":5040,"comment_status":"open","ping_status":"open","sticky":true,"template":"","format":"standard","meta":{"footnotes":""},"categories":[8],"tags":[],"_links":{"self":[{"href":"https:\/\/infoglobalsur.ar\/index.php?rest_route=\/wp\/v2\/posts\/18394"}],"collection":[{"href":"https:\/\/infoglobalsur.ar\/index.php?rest_route=\/wp\/v2\/posts"}],"about":[{"href":"https:\/\/infoglobalsur.ar\/index.php?rest_route=\/wp\/v2\/types\/post"}],"author":[{"embeddable":true,"href":"https:\/\/infoglobalsur.ar\/index.php?rest_route=\/wp\/v2\/users\/1"}],"replies":[{"embeddable":true,"href":"https:\/\/infoglobalsur.ar\/index.php?rest_route=%2Fwp%2Fv2%2Fcomments&post=18394"}],"version-history":[{"count":1,"href":"https:\/\/infoglobalsur.ar\/index.php?rest_route=\/wp\/v2\/posts\/18394\/revisions"}],"predecessor-version":[{"id":18395,"href":"https:\/\/infoglobalsur.ar\/index.php?rest_route=\/wp\/v2\/posts\/18394\/revisions\/18395"}],"wp:featuredmedia":[{"embeddable":true,"href":"https:\/\/infoglobalsur.ar\/index.php?rest_route=\/wp\/v2\/media\/5040"}],"wp:attachment":[{"href":"https:\/\/infoglobalsur.ar\/index.php?rest_route=%2Fwp%2Fv2%2Fmedia&parent=18394"}],"wp:term":[{"taxonomy":"category","embeddable":true,"href":"https:\/\/infoglobalsur.ar\/index.php?rest_route=%2Fwp%2Fv2%2Fcategories&post=18394"},{"taxonomy":"post_tag","embeddable":true,"href":"https:\/\/infoglobalsur.ar\/index.php?rest_route=%2Fwp%2Fv2%2Ftags&post=18394"}],"curies":[{"name":"wp","href":"https:\/\/api.w.org\/{rel}","templated":true}]}}