{"id":18396,"date":"2026-04-30T11:52:49","date_gmt":"2026-04-30T14:52:49","guid":{"rendered":"https:\/\/infoglobalsur.ar\/?p=18396"},"modified":"2026-04-30T11:52:50","modified_gmt":"2026-04-30T14:52:50","slug":"presentaron-la-plataforma-omnicanal-de-acceso-a-justicia-a-la-comunidad-de-almanza","status":"publish","type":"post","link":"https:\/\/infoglobalsur.ar\/?p=18396","title":{"rendered":"Presentaron la plataforma omnicanal de Acceso a Justicia a la comunidad de Almanza"},"content":{"rendered":"\n<p>El Poder Judicial realiz\u00f3 junto a la comunidad de Almanza la primera prueba institucional de la plataforma omnicanal de Acceso a Justicia, una herramienta colaborativa destinada a fortalecer la articulaci\u00f3n entre organismos del Estado y mejorar la atenci\u00f3n efectiva de las personas que requieran asistencia.<\/p>\n\n\n\n<p>La presentaci\u00f3n, a cargo del equipo del Proyecto de Acceso a Justicia, estuvo dirigida a representantes de distintas instituciones con actuaci\u00f3n en la localidad y se desarroll\u00f3 como un espacio de trabajo conjunto para compartir el dise\u00f1o de la plataforma y avanzar en la construcci\u00f3n de una red interinstitucional de atenci\u00f3n.<\/p>\n\n\n\n<p>Durante el encuentro se destac\u00f3 la importancia de generar canales coordinados de intervenci\u00f3n que permitan optimizar el acceso a derechos y fortalecer la presencia institucional en la comunidad. En ese marco, los participantes manifestaron inter\u00e9s y predisposici\u00f3n para continuar trabajando de manera articulada.<\/p>\n\n\n\n<p>Asimismo, se inform\u00f3 que pr\u00f3ximamente se llevar\u00e1n adelante reuniones de trabajo con los enlaces designados por cada organismo, con el objetivo de capacitar a los operadores y avanzar en la puesta en producci\u00f3n de la plataforma.<\/p>\n\n\n\n<p>Participaron de la actividad la ministra de Bienestar y Seguridad, Luc\u00eda Rossi; el vicejefe de Gabinete, Gonzalo Valenzuela; y el jefe de la Polic\u00eda, Jacinto Rol\u00f3n. Tambi\u00e9n estuvieron presentes representantes de Prefectura Naval Argentina, Armada Argentina, Vialidad Provincial, Manejo del Fuego, Protecci\u00f3n Civil, la escuela de la comunidad y el destacamento policial local.<\/p>\n","protected":false},"excerpt":{"rendered":"<p>El Poder Judicial realiz\u00f3 junto a la comunidad de Almanza la primera prueba institucional de&#8230;<\/p>\n","protected":false},"author":1,"featured_media":18397,"comment_status":"open","ping_status":"open","sticky":true,"template":"","format":"standard","meta":{"footnotes":""},"categories":[41],"tags":[],"_links":{"self":[{"href":"https:\/\/infoglobalsur.ar\/index.php?rest_route=\/wp\/v2\/posts\/18396"}],"collection":[{"href":"https:\/\/infoglobalsur.ar\/index.php?rest_route=\/wp\/v2\/posts"}],"about":[{"href":"https:\/\/infoglobalsur.ar\/index.php?rest_route=\/wp\/v2\/types\/post"}],"author":[{"embeddable":true,"href":"https:\/\/infoglobalsur.ar\/index.php?rest_route=\/wp\/v2\/users\/1"}],"replies":[{"embeddable":true,"href":"https:\/\/infoglobalsur.ar\/index.php?rest_route=%2Fwp%2Fv2%2Fcomments&post=18396"}],"version-history":[{"count":1,"href":"https:\/\/infoglobalsur.ar\/index.php?rest_route=\/wp\/v2\/posts\/18396\/revisions"}],"predecessor-version":[{"id":18398,"href":"https:\/\/infoglobalsur.ar\/index.php?rest_route=\/wp\/v2\/posts\/18396\/revisions\/18398"}],"wp:featuredmedia":[{"embeddable":true,"href":"https:\/\/infoglobalsur.ar\/index.php?rest_route=\/wp\/v2\/media\/18397"}],"wp:attachment":[{"href":"https:\/\/infoglobalsur.ar\/index.php?rest_route=%2Fwp%2Fv2%2Fmedia&parent=18396"}],"wp:term":[{"taxonomy":"category","embeddable":true,"href":"https:\/\/infoglobalsur.ar\/index.php?rest_route=%2Fwp%2Fv2%2Fcategories&post=18396"},{"taxonomy":"post_tag","embeddable":true,"href":"https:\/\/infoglobalsur.ar\/index.php?rest_route=%2Fwp%2Fv2%2Ftags&post=18396"}],"curies":[{"name":"wp","href":"https:\/\/api.w.org\/{rel}","templated":true}]}}