{"id":18403,"date":"2026-05-01T02:02:00","date_gmt":"2026-05-01T05:02:00","guid":{"rendered":"https:\/\/infoglobalsur.ar\/?p=18403"},"modified":"2026-04-30T14:05:18","modified_gmt":"2026-04-30T17:05:18","slug":"daniel-sabsay-advirtio-que-derogar-la-reforma-constitucional-en-tierra-del-fuego-seria-abiertamente-inconstitucional","status":"publish","type":"post","link":"https:\/\/infoglobalsur.ar\/?p=18403","title":{"rendered":"Daniel Sabsay advirti\u00f3 que derogar la reforma constitucional en Tierra del Fuego ser\u00eda \u00ababiertamente inconstitucional\u00bb"},"content":{"rendered":"\n<p>El prestigioso constitucionalista asegur\u00f3 que el proceso ya est\u00e1 \u00abcristalizado\u00bb tras la convocatoria a elecciones y la publicaci\u00f3n en el Bolet\u00edn Oficial. Alert\u00f3 que un retroceso legislativo generar\u00eda inseguridad jur\u00eddica y podr\u00eda terminar en la Corte Suprema de Justicia de la Naci\u00f3n.<\/p>\n\n\n\n<p>El debate sobre la reforma de la Constituci\u00f3n en Tierra del Fuego sum\u00f3 este jueves una voz de peso nacional. Daniel Sabsay, presidente de la Asociaci\u00f3n Argentina de Derecho Constitucional y referente acad\u00e9mico en la materia, manifest\u00f3 su tajante rechazo a la posibilidad de que la Legislatura provincial derogue la ley que declar\u00f3 la necesidad de la reforma.<\/p>\n\n\n\n<p>En declaraciones radiales, el jurista fue categ\u00f3rico al ser consultado sobre si el proceso puede interrumpirse en esta instancia: \u201cAbsolutamente no, ya no se puede interrumpir el proceso de reforma de la Constituci\u00f3n\u201d. Sabsay fundament\u00f3 su postura se\u00f1alando que, tras la ratificaci\u00f3n del Superior Tribunal de Justicia y la posterior firma del decreto del Poder Ejecutivo fijando fecha de elecciones, el procedimiento ha superado cualquier etapa de revisi\u00f3n legislativa ordinaria.<\/p>\n\n\n\n<p>Frente al dictamen que impulsa un sector pol\u00edtico en la Legislatura para dejar sin efecto la convocatoria original, el especialista explic\u00f3 que la ley de necesidad de reforma no es una norma com\u00fan. \u201cEs una ley especial que decide la decisi\u00f3n m\u00e1s importante, que es el ejercicio del poder constituyente\u201d, se\u00f1al\u00f3, calific\u00e1ndola como una \u201csupraley\u201d que escapa incluso al poder de veto del Ejecutivo.<\/p>\n\n\n\n<p>Para Sabsay, el intento de dar marcha atr\u00e1s representar\u00eda una anomal\u00eda institucional grave. \u201cEso ser\u00eda abiertamente inconstitucional y podr\u00eda ser caso federal, podr\u00eda llegar a la Corte Suprema de Justicia de la Naci\u00f3n\u201d, advirti\u00f3, subrayando que una vez dictada la norma y convocado el comicio, el procedimiento se encuentra \u201ccristalizado\u201d.<\/p>\n\n\n\n<p>Uno de los puntos centrales de la argumentaci\u00f3n del constitucionalista reside en el respeto a los ciudadanos. Sabsay remarc\u00f3 que, con el decreto publicado en el Bolet\u00edn Oficial, ya existen candidatos con expectativas y electores con derecho a votar. \u201cDerogar eso ser\u00eda defraudar expectativas y confundir totalmente al electorado. Ac\u00e1 los que importan son los gobernados, no los gobernantes\u201d, sentenci\u00f3.<\/p>\n\n\n\n<p>Asimismo, vincul\u00f3 esta inestabilidad normativa con la crisis econ\u00f3mica que atraviesa la provincia. Seg\u00fan el letrado, las idas y vueltas pol\u00edticas generan un clima de \u00abinseguridad jur\u00eddica\u00bb que ahuyenta inversiones y agrava la p\u00e9rdida de puestos de trabajo en el distrito. \u201cNo puede ser que el proceso electoral vaya y venga a favor de quienes deben ser elegidos. El rumbo debe ser construir un escenario de seguridad jur\u00eddica\u201d, concluy\u00f3.<\/p>\n\n\n\n<p>Finalmente, Sabsay aclar\u00f3 que, si bien el proceso debe seguir su curso, la potestad de reformar o no los art\u00edculos recae exclusivamente en los futuros convencionales constituyentes. Explic\u00f3 que los elegidos podr\u00edan asumir y decidir no tratar ning\u00fan tema o considerar que no hace falta modificar la Carta Magna, cerrando as\u00ed la convenci\u00f3n. Lo que resulta inadmisible, seg\u00fan su an\u00e1lisis, es que el Poder Legislativo intente retrotraer el proceso antes de que los representantes del pueblo se re\u00fanan.<\/p>\n","protected":false},"excerpt":{"rendered":"<p>El prestigioso constitucionalista asegur\u00f3 que el proceso ya est\u00e1 \u00abcristalizado\u00bb tras la convocatoria a elecciones&#8230;<\/p>\n","protected":false},"author":1,"featured_media":18404,"comment_status":"open","ping_status":"open","sticky":true,"template":"","format":"standard","meta":{"footnotes":""},"categories":[1195],"tags":[],"_links":{"self":[{"href":"https:\/\/infoglobalsur.ar\/index.php?rest_route=\/wp\/v2\/posts\/18403"}],"collection":[{"href":"https:\/\/infoglobalsur.ar\/index.php?rest_route=\/wp\/v2\/posts"}],"about":[{"href":"https:\/\/infoglobalsur.ar\/index.php?rest_route=\/wp\/v2\/types\/post"}],"author":[{"embeddable":true,"href":"https:\/\/infoglobalsur.ar\/index.php?rest_route=\/wp\/v2\/users\/1"}],"replies":[{"embeddable":true,"href":"https:\/\/infoglobalsur.ar\/index.php?rest_route=%2Fwp%2Fv2%2Fcomments&post=18403"}],"version-history":[{"count":1,"href":"https:\/\/infoglobalsur.ar\/index.php?rest_route=\/wp\/v2\/posts\/18403\/revisions"}],"predecessor-version":[{"id":18405,"href":"https:\/\/infoglobalsur.ar\/index.php?rest_route=\/wp\/v2\/posts\/18403\/revisions\/18405"}],"wp:featuredmedia":[{"embeddable":true,"href":"https:\/\/infoglobalsur.ar\/index.php?rest_route=\/wp\/v2\/media\/18404"}],"wp:attachment":[{"href":"https:\/\/infoglobalsur.ar\/index.php?rest_route=%2Fwp%2Fv2%2Fmedia&parent=18403"}],"wp:term":[{"taxonomy":"category","embeddable":true,"href":"https:\/\/infoglobalsur.ar\/index.php?rest_route=%2Fwp%2Fv2%2Fcategories&post=18403"},{"taxonomy":"post_tag","embeddable":true,"href":"https:\/\/infoglobalsur.ar\/index.php?rest_route=%2Fwp%2Fv2%2Ftags&post=18403"}],"curies":[{"name":"wp","href":"https:\/\/api.w.org\/{rel}","templated":true}]}}