{"id":18414,"date":"2026-05-01T02:43:00","date_gmt":"2026-05-01T05:43:00","guid":{"rendered":"https:\/\/infoglobalsur.ar\/?p=18414"},"modified":"2026-04-30T14:47:49","modified_gmt":"2026-04-30T17:47:49","slug":"argentina-retrocede-al-puesto-98-en-el-ranking-mundial-de-libertad-de-prensa-de-reporteros-sin-fronteras","status":"publish","type":"post","link":"https:\/\/infoglobalsur.ar\/?p=18414","title":{"rendered":"Argentina retrocede al puesto 98 en el Ranking Mundial de Libertad de Prensa de Reporteros Sin Fronteras"},"content":{"rendered":"\n<p>El pa\u00eds registr\u00f3 una ca\u00edda significativa en la edici\u00f3n 2026 del ranking mundial que elabora anualmente la organizaci\u00f3n Reporteros Sin Fronteras (RSF). Seg\u00fan el informe oficial, Argentina descendi\u00f3 11 posiciones, ubic\u00e1ndose en el lugar 98 del escalaf\u00f3n global, lejos del puesto 87 que ocupaba el a\u00f1o anterior.<\/p>\n\n\n\n<p>Este retroceso se enmarca en un contexto de creciente tensi\u00f3n entre el Gobierno nacional y los trabajadores de prensa. El reporte de RSF destaca que las injurias, la difamaci\u00f3n y las amenazas por parte de la actual administraci\u00f3n hacia periodistas y medios cr\u00edticos se han vuelto una constante. Asimismo, el informe vincula este deterioro con medidas restrictivas, como la reciente limitaci\u00f3n del acceso a los periodistas acreditados en la Casa Rosada bajo motivos de \u00abseguridad nacional\u00bb.<\/p>\n\n\n\n<p>M\u00e1s all\u00e1 de la coyuntura pol\u00edtica, la organizaci\u00f3n con sede en Par\u00eds se\u00f1al\u00f3 que en Argentina persisten factores estructurales que afectan el ejercicio del periodismo, entre los que se destacan la alta concentraci\u00f3n medi\u00e1tica, la opacidad en la propiedad de las empresas del sector y la marcada precarizaci\u00f3n laboral que atraviesan los profesionales de la comunicaci\u00f3n.<\/p>\n\n\n\n<p>A nivel global, la situaci\u00f3n tambi\u00e9n presenta un panorama cr\u00edtico. RSF advirti\u00f3 que el a\u00f1o 2026 marca el peor nivel de libertad de prensa en los \u00faltimos 25 a\u00f1os. Actualmente, m\u00e1s de la mitad de los pa\u00edses evaluados se encuentran en condiciones consideradas como \u00abdif\u00edciles\u00bb o \u00abmuy graves\u00bb, una tendencia que se ve agravada por la criminalizaci\u00f3n de la actividad period\u00edstica y la implementaci\u00f3n de marcos legales restrictivos incluso en naciones con democracias consolidadas.<\/p>\n\n\n\n<p>Con este resultado, Argentina se suma a la tendencia de retroceso observada en otros pa\u00edses de la regi\u00f3n y el mundo, donde la hostilidad pol\u00edtica y las barreras al acceso a la informaci\u00f3n p\u00fablica est\u00e1n reconfigurando la relaci\u00f3n entre el poder y la prensa independiente.<\/p>\n\n\n\n<p>Fuente: \u00c1mbito<\/p>\n","protected":false},"excerpt":{"rendered":"<p>El pa\u00eds registr\u00f3 una ca\u00edda significativa en la edici\u00f3n 2026 del ranking mundial que elabora&#8230;<\/p>\n","protected":false},"author":1,"featured_media":18415,"comment_status":"open","ping_status":"open","sticky":true,"template":"","format":"standard","meta":{"footnotes":""},"categories":[1],"tags":[],"_links":{"self":[{"href":"https:\/\/infoglobalsur.ar\/index.php?rest_route=\/wp\/v2\/posts\/18414"}],"collection":[{"href":"https:\/\/infoglobalsur.ar\/index.php?rest_route=\/wp\/v2\/posts"}],"about":[{"href":"https:\/\/infoglobalsur.ar\/index.php?rest_route=\/wp\/v2\/types\/post"}],"author":[{"embeddable":true,"href":"https:\/\/infoglobalsur.ar\/index.php?rest_route=\/wp\/v2\/users\/1"}],"replies":[{"embeddable":true,"href":"https:\/\/infoglobalsur.ar\/index.php?rest_route=%2Fwp%2Fv2%2Fcomments&post=18414"}],"version-history":[{"count":1,"href":"https:\/\/infoglobalsur.ar\/index.php?rest_route=\/wp\/v2\/posts\/18414\/revisions"}],"predecessor-version":[{"id":18416,"href":"https:\/\/infoglobalsur.ar\/index.php?rest_route=\/wp\/v2\/posts\/18414\/revisions\/18416"}],"wp:featuredmedia":[{"embeddable":true,"href":"https:\/\/infoglobalsur.ar\/index.php?rest_route=\/wp\/v2\/media\/18415"}],"wp:attachment":[{"href":"https:\/\/infoglobalsur.ar\/index.php?rest_route=%2Fwp%2Fv2%2Fmedia&parent=18414"}],"wp:term":[{"taxonomy":"category","embeddable":true,"href":"https:\/\/infoglobalsur.ar\/index.php?rest_route=%2Fwp%2Fv2%2Fcategories&post=18414"},{"taxonomy":"post_tag","embeddable":true,"href":"https:\/\/infoglobalsur.ar\/index.php?rest_route=%2Fwp%2Fv2%2Ftags&post=18414"}],"curies":[{"name":"wp","href":"https:\/\/api.w.org\/{rel}","templated":true}]}}