{"id":18417,"date":"2026-05-01T02:53:00","date_gmt":"2026-05-01T05:53:00","guid":{"rendered":"https:\/\/infoglobalsur.ar\/?p=18417"},"modified":"2026-04-30T14:55:24","modified_gmt":"2026-04-30T17:55:24","slug":"inedito-ataque-de-milei-a-la-prensa-en-el-congreso-insultos-y-hostilidad-durante-el-informe-de-adorni","status":"publish","type":"post","link":"https:\/\/infoglobalsur.ar\/?p=18417","title":{"rendered":"In\u00e9dito ataque de Milei a la prensa en el Congreso: insultos y hostilidad durante el informe de Adorni"},"content":{"rendered":"\n<p>En una jornada cargada de agresividad, el Presidente calific\u00f3 de \u00abcorruptos\u00bb y \u00abbasuras inmundas\u00bb a los periodistas que cubr\u00edan la actividad legislativa. El hecho coincide con el peor momento de Argentina en el ranking mundial de libertad de prensa.<\/p>\n\n\n\n<p>Lo que deb\u00eda ser una jornada de rendici\u00f3n de cuentas institucional en la C\u00e1mara de Diputados se transform\u00f3 en un escenario de confrontaci\u00f3n abierta entre el Poder Ejecutivo y el periodismo. El presidente Javier Milei protagoniz\u00f3 este mi\u00e9rcoles una serie de ataques verbales contra los trabajadores de prensa acreditados en el Congreso, profundizando una crisis de relaci\u00f3n que ya genera preocupaci\u00f3n en organismos internacionales.<\/p>\n\n\n\n<p>El conflicto escal\u00f3 desde el primer minuto. Al ingresar al Palacio Legislativo para respaldar al Jefe de Gabinete, Manuel Adorni, el mandatario fue consultado por los cronistas parlamentarios sobre las recientes denuncias por presunto enriquecimiento il\u00edcito que salpican a su funcionario. Lejos de brindar una respuesta institucional, Milei increp\u00f3 directamente a los presentes asegurando que \u201clos corruptos son ustedes\u201d.<\/p>\n\n\n\n<p>Escalada de agravios en redes sociales La hostilidad no se limit\u00f3 al contacto f\u00edsico en los pasillos del Congreso. Tras presenciar el informe desde los palcos \u2014en un gesto de \u00abblindaje\u00bb hacia Adorni\u2014, el Presidente utiliz\u00f3 sus canales oficiales para amplificar los ataques. Ante las insistentes preguntas de la prensa sobre la falta de claridad en el patrimonio del Jefe de Gabinete, Milei tild\u00f3 a los periodistas de \u00abchorros\u00bb y \u201cbasuras inmundas\u201d.<\/p>\n\n\n\n<p>Este comportamiento no es aislado. Seg\u00fan el \u00faltimo informe de Reporteros Sin Fronteras (RSF), que ubica a la Argentina en el puesto 98 del ranking mundial tras caer 11 posiciones, el uso sistem\u00e1tico de injurias y la difamaci\u00f3n desde la cima del poder ejecutivo se ha convertido en una herramienta pol\u00edtica para silenciar las cr\u00edticas.<\/p>\n\n\n\n<p>Un clima de censura creciente El episodio en el Congreso se suma a la reciente decisi\u00f3n de restringir el acceso a la Sala de Periodistas de la Casa Rosada y a la eliminaci\u00f3n de la pauta oficial, medidas que los gremios de prensa denuncian como un intento de asfixia y control de la informaci\u00f3n. Mientras Adorni intentaba justificar en el estrado su incremento patrimonial, el Presidente en los palcos reafirmaba una postura que la oposici\u00f3n calific\u00f3 de \u00abantidemocr\u00e1tica\u00bb.<\/p>\n\n\n\n<p>Diputados de diversos bloques expresaron su rechazo a los agravios presidenciales, se\u00f1alando que la investidura del mandatario exige un respeto m\u00ednimo por la labor de quienes act\u00faan como nexo entre los actos de gobierno y la ciudadan\u00eda. Sin embargo, la jornada cerr\u00f3 con una ratificaci\u00f3n de la confrontaci\u00f3n por parte de Milei, quien insiste en se\u00f1alar al periodismo como un \u00abenemigo\u00bb del proceso de ajuste que lleva adelante su administraci\u00f3n.<\/p>\n","protected":false},"excerpt":{"rendered":"<p>En una jornada cargada de agresividad, el Presidente calific\u00f3 de \u00abcorruptos\u00bb y \u00abbasuras inmundas\u00bb a&#8230;<\/p>\n","protected":false},"author":1,"featured_media":18418,"comment_status":"open","ping_status":"open","sticky":true,"template":"","format":"standard","meta":{"footnotes":""},"categories":[8],"tags":[],"_links":{"self":[{"href":"https:\/\/infoglobalsur.ar\/index.php?rest_route=\/wp\/v2\/posts\/18417"}],"collection":[{"href":"https:\/\/infoglobalsur.ar\/index.php?rest_route=\/wp\/v2\/posts"}],"about":[{"href":"https:\/\/infoglobalsur.ar\/index.php?rest_route=\/wp\/v2\/types\/post"}],"author":[{"embeddable":true,"href":"https:\/\/infoglobalsur.ar\/index.php?rest_route=\/wp\/v2\/users\/1"}],"replies":[{"embeddable":true,"href":"https:\/\/infoglobalsur.ar\/index.php?rest_route=%2Fwp%2Fv2%2Fcomments&post=18417"}],"version-history":[{"count":1,"href":"https:\/\/infoglobalsur.ar\/index.php?rest_route=\/wp\/v2\/posts\/18417\/revisions"}],"predecessor-version":[{"id":18419,"href":"https:\/\/infoglobalsur.ar\/index.php?rest_route=\/wp\/v2\/posts\/18417\/revisions\/18419"}],"wp:featuredmedia":[{"embeddable":true,"href":"https:\/\/infoglobalsur.ar\/index.php?rest_route=\/wp\/v2\/media\/18418"}],"wp:attachment":[{"href":"https:\/\/infoglobalsur.ar\/index.php?rest_route=%2Fwp%2Fv2%2Fmedia&parent=18417"}],"wp:term":[{"taxonomy":"category","embeddable":true,"href":"https:\/\/infoglobalsur.ar\/index.php?rest_route=%2Fwp%2Fv2%2Fcategories&post=18417"},{"taxonomy":"post_tag","embeddable":true,"href":"https:\/\/infoglobalsur.ar\/index.php?rest_route=%2Fwp%2Fv2%2Ftags&post=18417"}],"curies":[{"name":"wp","href":"https:\/\/api.w.org\/{rel}","templated":true}]}}