{"id":20829,"date":"2026-08-29T08:50:19","date_gmt":"2026-08-29T11:50:19","guid":{"rendered":"https:\/\/infoglobalsur.ar\/?p=20829"},"modified":"2026-08-31T09:14:59","modified_gmt":"2026-08-31T12:14:59","slug":"clases-los-sabados-el-gobierno-admite-una-masiva-perdida-de-dias-de-clases-por-fallas-edilicias","status":"publish","type":"post","link":"https:\/\/infoglobalsur.ar\/?p=20829","title":{"rendered":"Clases los s\u00e1bados: el Gobierno admite una masiva p\u00e9rdida de d\u00edas de clases por fallas edilicias"},"content":{"rendered":"\n<p>Ante la falta de respuestas estructurales en la infraestructura escolar, la cartera educativa oficializ\u00f3 el Plan de Compensaci\u00f3n Pedag\u00f3gica. La medida traslada a los fines de semana la soluci\u00f3n a un problema originado por el abandono de los edificios p\u00fablicos, afectando la obligatoriedad de cursada en contra turno.<\/p>\n\n\n\n<figure class=\"wp-block-image size-full is-resized\"><img loading=\"lazy\" decoding=\"async\" width=\"500\" height=\"60\" src=\"https:\/\/infoglobalsur.ar\/wp-content\/uploads\/2026\/08\/500x60-1.gif\" alt=\"\" class=\"wp-image-20716\" style=\"width:840px;height:auto\"\/><\/figure>\n\n\n\n<p>La puesta en marcha del Plan de Compensaci\u00f3n Pedag\u00f3gica por parte del Ministerio de Educaci\u00f3n provincial deja al desnudo una profunda crisis en la gesti\u00f3n educativa: la sistem\u00e1tica p\u00e9rdida de d\u00edas de clases presenciales. Con la excusa de \u00abampliar el tiempo efectivo de ense\u00f1anza\u00bb, la cartera educativa oficializ\u00f3 un esquema de clases obligatorias los d\u00edas s\u00e1bados que busca maquillar las graves consecuencias institucionales y pedag\u00f3gicas provocadas por los prolongados cierres de escuelas.<\/p>\n\n\n\n<p>El programa, denominado formalmente \u201cAmpliaci\u00f3n del tiempo efectivo de ense\u00f1anza presencial\u201d y respaldado en la Resoluci\u00f3n CFE N\u00b0 484\/24, surge como un reconocimiento impl\u00edcito de un ciclo lectivo vulnerado por la inacci\u00f3n estatal. Lejos de constituir un beneficio pedag\u00f3gico innovador, este dispositivo de emergencia evidencia las deficiencias estructurales en el mantenimiento edilicio de la provincia, trasladando sobre los estudiantes y sus familias el costo operativo de la desinversi\u00f3n.<\/p>\n\n\n\n<p>En esta primera etapa, el denominado Dispositivo de Avance en los Aprendizajes (DAA) se extender\u00e1 desde el 29 de agosto hasta el 12 de diciembre. La medida recae de manera obligatoria sobre los alumnos de 1\u00b0 a 6\u00b0 a\u00f1o de dos establecimientos emblem\u00e1ticos por su situaci\u00f3n de abandono: la Escuela Provincial N\u00b0 19 \u201cPrimera Legislatura\u201d, de R\u00edo Grande, y la Escuela Provincial N\u00b0 24 \u201cJuan Ruiz Gal\u00e1n\u201d, de Ushuaia.<\/p>\n\n\n\n<p>Ambas instituciones fueron seleccionadas, seg\u00fan reconoci\u00f3 el pr\u00f3prio organismo oficial, tras haber permanecido durante un per\u00edodo prolongado sin clases presenciales como consecuencia directa de tareas de regularizaci\u00f3n edilicia que nunca se concluyeron a tiempo. De este modo, la p\u00e9rdida sistem\u00e1tica de jornadas escolares \u2014un derecho vulnerado por la precariedad de los edificios\u2014 intenta compensarse ahora mediante jornadas extraordinarias todos los s\u00e1bados, de 10:00 a 12:00, centradas en Pr\u00e1cticas del Lenguaje y Matem\u00e1tica.<\/p>\n\n\n\n<p>La implementaci\u00f3n de este esquema genera serios interrogantes sobre la planificaci\u00f3n a largo plazo del sistema educativo provincial. Mientras las autoridades apelan a resoluciones de car\u00e1cter federal para justificar la apertura de las escuelas los fines de semana, la comunidad educativa advierte que la p\u00e9rdida de d\u00edas de clases no se resuelve con parches temporales, sino con una pol\u00edtica preventiva de mantenimiento e inversi\u00f3n que garantice la continuidad pedag\u00f3gica de lunes a viernes en condiciones dignas.<\/p>\n","protected":false},"excerpt":{"rendered":"<p>Ante la falta de respuestas estructurales en la infraestructura escolar, la cartera educativa oficializ\u00f3 el&#8230;<\/p>\n","protected":false},"author":1,"featured_media":7879,"comment_status":"open","ping_status":"open","sticky":true,"template":"","format":"standard","meta":{"footnotes":""},"categories":[132],"tags":[],"_links":{"self":[{"href":"https:\/\/infoglobalsur.ar\/index.php?rest_route=\/wp\/v2\/posts\/20829"}],"collection":[{"href":"https:\/\/infoglobalsur.ar\/index.php?rest_route=\/wp\/v2\/posts"}],"about":[{"href":"https:\/\/infoglobalsur.ar\/index.php?rest_route=\/wp\/v2\/types\/post"}],"author":[{"embeddable":true,"href":"https:\/\/infoglobalsur.ar\/index.php?rest_route=\/wp\/v2\/users\/1"}],"replies":[{"embeddable":true,"href":"https:\/\/infoglobalsur.ar\/index.php?rest_route=%2Fwp%2Fv2%2Fcomments&post=20829"}],"version-history":[{"count":1,"href":"https:\/\/infoglobalsur.ar\/index.php?rest_route=\/wp\/v2\/posts\/20829\/revisions"}],"predecessor-version":[{"id":20830,"href":"https:\/\/infoglobalsur.ar\/index.php?rest_route=\/wp\/v2\/posts\/20829\/revisions\/20830"}],"wp:featuredmedia":[{"embeddable":true,"href":"https:\/\/infoglobalsur.ar\/index.php?rest_route=\/wp\/v2\/media\/7879"}],"wp:attachment":[{"href":"https:\/\/infoglobalsur.ar\/index.php?rest_route=%2Fwp%2Fv2%2Fmedia&parent=20829"}],"wp:term":[{"taxonomy":"category","embeddable":true,"href":"https:\/\/infoglobalsur.ar\/index.php?rest_route=%2Fwp%2Fv2%2Fcategories&post=20829"},{"taxonomy":"post_tag","embeddable":true,"href":"https:\/\/infoglobalsur.ar\/index.php?rest_route=%2Fwp%2Fv2%2Ftags&post=20829"}],"curies":[{"name":"wp","href":"https:\/\/api.w.org\/{rel}","templated":true}]}}