{"id":20837,"date":"2026-08-31T09:29:09","date_gmt":"2026-08-31T12:29:09","guid":{"rendered":"https:\/\/infoglobalsur.ar\/?p=20837"},"modified":"2026-08-31T09:29:16","modified_gmt":"2026-08-31T12:29:16","slug":"provincia-y-municipio-inician-mesas-de-trabajo-para-mejorar-infraestructura-y-servicios-urbanos","status":"publish","type":"post","link":"https:\/\/infoglobalsur.ar\/?p=20837","title":{"rendered":"Provincia y Municipio inician mesas de trabajo para mejorar infraestructura y servicios urbanos"},"content":{"rendered":"\n<p>El Gobierno de la Provincia y la Municipalidad de Ushuaia pusieron en marcha mesas de trabajo conjuntas destinadas a abordar distintas problem\u00e1ticas relacionadas con el desarrollo y la consolidaci\u00f3n urbana de la ciudad. El objetivo es optimizar recursos, coordinar intervenciones y articular acciones que permitan mejorar las condiciones urbanas y la prestaci\u00f3n de los servicios esenciales.<\/p>\n\n\n\n<figure class=\"wp-block-image size-full is-resized\"><img loading=\"lazy\" decoding=\"async\" width=\"780\" height=\"90\" src=\"https:\/\/infoglobalsur.ar\/wp-content\/uploads\/2026\/08\/780x90-1.gif\" alt=\"\" class=\"wp-image-20719\" style=\"width:840px;height:auto\"\/><\/figure>\n\n\n\n<p>La primera reuni\u00f3n estuvo enfocada en cuestiones vinculadas al ordenamiento urbano y la infraestructura, con especial atenci\u00f3n en aspectos catastrales, trazas y consolidaci\u00f3n de calles, adem\u00e1s de las condiciones necesarias para avanzar en servicios como energ\u00eda el\u00e9ctrica, gas, agua y cloacas.<\/p>\n\n\n\n<p>La ministra de Energ\u00eda, Gabriela Castillo, destac\u00f3 la importancia de generar espacios de articulaci\u00f3n entre ambas jurisdicciones para avanzar sobre una agenda com\u00fan.<\/p>\n\n\n\n<p>\u201cMuchas de estas cuestiones, para poder desarrollar el servicio, necesitan claramente tener delimitaciones que tienen que ver con lo urbano, la traza, la consolidaci\u00f3n de calles y lo catastral\u201d, explic\u00f3.<\/p>\n\n\n\n<p>Castillo remarc\u00f3 adem\u00e1s que la participaci\u00f3n de las distintas \u00e1reas vinculadas con los servicios y la infraestructura permite analizar de manera integral las necesidades de los diferentes sectores de Ushuaia.<\/p>\n\n\n\n<p>\u201cVamos planteando una agenda conjunta para ver c\u00f3mo vamos subsanando problemas puntuales\u201d, se\u00f1al\u00f3.<\/p>\n\n\n\n<p>En relaci\u00f3n con la posibilidad de ejecutar obras de manera conjunta, la funcionaria aclar\u00f3 que el objetivo principal es avanzar en una planificaci\u00f3n coordinada. \u201cM\u00e1s que obras en conjunto, hablamos de obras articuladas, de un trabajo articulado en donde claramente podamos resolver y ambos podamos trabajar para mejorar las condiciones urbanas y las condiciones de servicios en los distintos puntos de la ciudad de Ushuaia\u201d, sostuvo.<\/p>\n\n\n\n<p>Por su parte, la jefa de Gabinete de la Municipalidad de Ushuaia, Y\u00e9sica Garay, valor\u00f3 el comienzo de las mesas t\u00e9cnicas y consider\u00f3 que representan una herramienta para atender las necesidades concretas de los vecinos.<\/p>\n\n\n\n<p>\u201cEs el puntapi\u00e9 y el camino que necesitamos hacia adelante, fusionar las dos gestiones para un resultado que vea la comunidad en lo cotidiano, sobre todo en los servicios y en todo lo que tiene que ver con la v\u00eda p\u00fablica\u201d, afirm\u00f3.<\/p>\n\n\n\n<p>Garay explic\u00f3 que uno de los objetivos ser\u00e1 planificar las obras de infraestructura y coordinar las intervenciones que requieran la participaci\u00f3n de distintos organismos. En ese sentido, se\u00f1al\u00f3 que resulta fundamental contemplar los servicios existentes antes de avanzar con determinadas obras.<\/p>\n\n\n\n<p>\u201cEs imposible pensar una obra si no est\u00e1s tocando algunos servicios, sean ca\u00f1er\u00edas, un nuevo tendido de electricidad, por ejemplo, en las calles\u201d, indic\u00f3.<\/p>\n\n\n\n<p>La funcionaria adelant\u00f3 que las mesas continuar\u00e1n trabajando sobre objetivos concretos y prioridades definidas, incorporando progresivamente otros ejes de inter\u00e9s para la comunidad, entre ellos ambiente, salud y asistencia social.<\/p>\n\n\n\n<p>Del encuentro participaron, por parte del Gobierno provincial, la ministra de Energ\u00eda, Gabriela Castillo; el ministro de Obras y Servicios P\u00fablicos, Mart\u00edn Moreyra; el presidente de la Direcci\u00f3n Provincial de Obras y Servicios Sanitarios, Cristian Pereyra; y el presidente a cargo de la Direcci\u00f3n Provincial de Energ\u00eda, Manuel \u00c1lvarez.<\/p>\n\n\n\n<p>En representaci\u00f3n de la Municipalidad de Ushuaia estuvieron presentes la jefa de Gabinete, Y\u00e9sica Garay; la secretaria de Planificaci\u00f3n, Obras y Servicios P\u00fablicos, Carolina Yutrovic; el secretario de Pol\u00edticas Ambientales, Culturales y Educativas, David Ferreyra; y la subsecretaria de Coordinaci\u00f3n y Gesti\u00f3n de la Obra P\u00fablica, arquitecta Irup\u00e9 Petrina.<\/p>\n","protected":false},"excerpt":{"rendered":"<p>El Gobierno de la Provincia y la Municipalidad de Ushuaia pusieron en marcha mesas de&#8230;<\/p>\n","protected":false},"author":1,"featured_media":20838,"comment_status":"open","ping_status":"open","sticky":true,"template":"","format":"standard","meta":{"footnotes":""},"categories":[25],"tags":[],"_links":{"self":[{"href":"https:\/\/infoglobalsur.ar\/index.php?rest_route=\/wp\/v2\/posts\/20837"}],"collection":[{"href":"https:\/\/infoglobalsur.ar\/index.php?rest_route=\/wp\/v2\/posts"}],"about":[{"href":"https:\/\/infoglobalsur.ar\/index.php?rest_route=\/wp\/v2\/types\/post"}],"author":[{"embeddable":true,"href":"https:\/\/infoglobalsur.ar\/index.php?rest_route=\/wp\/v2\/users\/1"}],"replies":[{"embeddable":true,"href":"https:\/\/infoglobalsur.ar\/index.php?rest_route=%2Fwp%2Fv2%2Fcomments&post=20837"}],"version-history":[{"count":2,"href":"https:\/\/infoglobalsur.ar\/index.php?rest_route=\/wp\/v2\/posts\/20837\/revisions"}],"predecessor-version":[{"id":20840,"href":"https:\/\/infoglobalsur.ar\/index.php?rest_route=\/wp\/v2\/posts\/20837\/revisions\/20840"}],"wp:featuredmedia":[{"embeddable":true,"href":"https:\/\/infoglobalsur.ar\/index.php?rest_route=\/wp\/v2\/media\/20838"}],"wp:attachment":[{"href":"https:\/\/infoglobalsur.ar\/index.php?rest_route=%2Fwp%2Fv2%2Fmedia&parent=20837"}],"wp:term":[{"taxonomy":"category","embeddable":true,"href":"https:\/\/infoglobalsur.ar\/index.php?rest_route=%2Fwp%2Fv2%2Fcategories&post=20837"},{"taxonomy":"post_tag","embeddable":true,"href":"https:\/\/infoglobalsur.ar\/index.php?rest_route=%2Fwp%2Fv2%2Ftags&post=20837"}],"curies":[{"name":"wp","href":"https:\/\/api.w.org\/{rel}","templated":true}]}}