{"id":20845,"date":"2026-08-31T09:39:38","date_gmt":"2026-08-31T12:39:38","guid":{"rendered":"https:\/\/infoglobalsur.ar\/?p=20845"},"modified":"2026-08-31T09:40:00","modified_gmt":"2026-08-31T12:40:00","slug":"dictaron-talleres-de-rcp-uso-de-dea-y-deteccion-de-vulneracion-de-derechos","status":"publish","type":"post","link":"https:\/\/infoglobalsur.ar\/?p=20845","title":{"rendered":"Dictaron talleres de RCP, uso de DEA y detecci\u00f3n de vulneraci\u00f3n de derechos"},"content":{"rendered":"\n<p>Con el objetivo de optimizar los est\u00e1ndares de seguridad y cuidado en la primera infancia, el Ministerio de Bienestar Ciudadano y Justicia concret\u00f3 la Segunda Jornada de Capacitaci\u00f3n y Fortalecimiento Institucional. La iniciativa, organizada a trav\u00e9s de la Secretar\u00eda de Ni\u00f1ez, Adolescencia y Familia Zona Sur, reuni\u00f3 a equipos de trabajo de jardines maternales de gesti\u00f3n privada de la capital fueguina.<\/p>\n\n\n\n<figure class=\"wp-block-image size-full is-resized\"><img loading=\"lazy\" decoding=\"async\" width=\"780\" height=\"90\" src=\"https:\/\/infoglobalsur.ar\/wp-content\/uploads\/2026\/08\/780x90-1.gif\" alt=\"\" class=\"wp-image-20719\" style=\"width:840px;height:auto\"\/><\/figure>\n\n\n\n<p>Durante el encuentro, los participantes accedieron a herramientas te\u00f3ricas y pr\u00e1cticas fundamentales para el desempe\u00f1o cotidiano en las instituciones. Espec\u00edficamente, se dict\u00f3 un taller sobre t\u00e9cnicas actualizadas de Reanimaci\u00f3n Cardiopulmonar (RCP) adaptadas a las distintas edades infantiles y el uso correcto del Desfibrilador Externo Autom\u00e1tico (DEA), a cargo del instructor Diego Gajate.<\/p>\n\n\n\n<p>Asimismo, la jornada contempl\u00f3 un espacio de formaci\u00f3n espec\u00edfico orientado a la detecci\u00f3n temprana y los protocolos de actuaci\u00f3n ante situaciones de vulneraci\u00f3n de derechos de ni\u00f1os y ni\u00f1as, reforzando el rol de los espacios de cuidado como garantes de protecci\u00f3n integral. Esta instancia cont\u00f3 con el acompa\u00f1amiento de la licenciada Macarena Dieste, la licenciada Ver\u00f3nica Rasclard y el equipo del programa <em>Conectando con las Crianzas<\/em>, integrado por Anah\u00ed Hern\u00e1ndez y Carlos Maidana.<\/p>\n\n\n\n<p>Al respecto, el director general de Centros de Cuidado de Ushuaia, Luis Alarc\u00f3n, destac\u00f3 la importancia de la convocatoria y se\u00f1al\u00f3 que \u201cesta jornada nos permiti\u00f3 fortalecer herramientas fundamentales para quienes tienen a su cargo el cuidado cotidiano de ni\u00f1os y ni\u00f1as\u201d.<\/p>\n\n\n\n<p>El funcionario remarc\u00f3 adem\u00e1s el valor de un abordaje integral que combine la preparaci\u00f3n ante emergencias m\u00e9dicas con la capacidad de respuesta institucional frente a problem\u00e1ticas sociales, consolidando un trabajo articulado entre el Estado provincial y los espacios educativos de gesti\u00f3n privada de la ciudad.<\/p>\n","protected":false},"excerpt":{"rendered":"<p>Con el objetivo de optimizar los est\u00e1ndares de seguridad y cuidado en la primera infancia,&#8230;<\/p>\n","protected":false},"author":1,"featured_media":20846,"comment_status":"open","ping_status":"open","sticky":true,"template":"","format":"standard","meta":{"footnotes":""},"categories":[25],"tags":[],"_links":{"self":[{"href":"https:\/\/infoglobalsur.ar\/index.php?rest_route=\/wp\/v2\/posts\/20845"}],"collection":[{"href":"https:\/\/infoglobalsur.ar\/index.php?rest_route=\/wp\/v2\/posts"}],"about":[{"href":"https:\/\/infoglobalsur.ar\/index.php?rest_route=\/wp\/v2\/types\/post"}],"author":[{"embeddable":true,"href":"https:\/\/infoglobalsur.ar\/index.php?rest_route=\/wp\/v2\/users\/1"}],"replies":[{"embeddable":true,"href":"https:\/\/infoglobalsur.ar\/index.php?rest_route=%2Fwp%2Fv2%2Fcomments&post=20845"}],"version-history":[{"count":2,"href":"https:\/\/infoglobalsur.ar\/index.php?rest_route=\/wp\/v2\/posts\/20845\/revisions"}],"predecessor-version":[{"id":20848,"href":"https:\/\/infoglobalsur.ar\/index.php?rest_route=\/wp\/v2\/posts\/20845\/revisions\/20848"}],"wp:featuredmedia":[{"embeddable":true,"href":"https:\/\/infoglobalsur.ar\/index.php?rest_route=\/wp\/v2\/media\/20846"}],"wp:attachment":[{"href":"https:\/\/infoglobalsur.ar\/index.php?rest_route=%2Fwp%2Fv2%2Fmedia&parent=20845"}],"wp:term":[{"taxonomy":"category","embeddable":true,"href":"https:\/\/infoglobalsur.ar\/index.php?rest_route=%2Fwp%2Fv2%2Fcategories&post=20845"},{"taxonomy":"post_tag","embeddable":true,"href":"https:\/\/infoglobalsur.ar\/index.php?rest_route=%2Fwp%2Fv2%2Ftags&post=20845"}],"curies":[{"name":"wp","href":"https:\/\/api.w.org\/{rel}","templated":true}]}}