{"id":20852,"date":"2026-08-31T10:01:40","date_gmt":"2026-08-31T13:01:40","guid":{"rendered":"https:\/\/infoglobalsur.ar\/?p=20852"},"modified":"2026-08-31T10:01:42","modified_gmt":"2026-08-31T13:01:42","slug":"presentaron-el-programa-de-propuestas-formativas-para-las-juventudes-fueguinas","status":"publish","type":"post","link":"https:\/\/infoglobalsur.ar\/?p=20852","title":{"rendered":"Presentaron el programa de propuestas formativas para las juventudes fueguinas"},"content":{"rendered":"\n<p>El Ministerio de Bienestar Ciudadano y Justicia, a trav\u00e9s de la Secretar\u00eda de Pol\u00edticas para las Juventudes, presenta una nueva agenda de actividades recreativas, culturales y formativas que se desarrollar\u00e1 durante septiembre en las tres localidades de la provincia, en el marco del Mes de las Juventudes.<\/p>\n\n\n\n<figure class=\"wp-block-image size-full is-resized\"><img loading=\"lazy\" decoding=\"async\" width=\"780\" height=\"90\" src=\"https:\/\/infoglobalsur.ar\/wp-content\/uploads\/2026\/08\/780x90-1.gif\" alt=\"\" class=\"wp-image-20719\" style=\"width:840px;height:auto\"\/><\/figure>\n\n\n\n<p>En ese sentido, la ministra de Bienestar Ciudadano y Justicia, Luc\u00eda Rossi, destac\u00f3: \u201cdesde el Gobierno Provincial entendemos que las juventudes son una prioridad y que las pol\u00edticas p\u00fablicas deben acompa\u00f1arlas durante todo el a\u00f1o. En este Mes de las Juventudes, desde la Secretar\u00eda de Pol\u00edticas para las Juventudes ponemos a disposici\u00f3n un amplio abanico de propuestas para que j\u00f3venes de toda la provincia puedan encontrarse, participar, formarse y disfrutar de espacios pensados para ellos\u201d.<\/p>\n\n\n\n<p>Por su parte, la secretaria de Pol\u00edticas para las Juventudes, Ivana Olariaga, destac\u00f3 que \u201ceste mes, como todos los a\u00f1os, vuelve a llenar a la provincia de oportunidades que impulsan los intereses de las juventudes fueguinas y permiten acompa\u00f1arlas en toda su trayectoria. Tambi\u00e9n genera propuestas articuladas y demandadas directamente por cada joven y cada centro de estudiantes, brindando desde el Estado herramientas para fortalecer su participaci\u00f3n en espacios cuidados y formativos\u201d.<\/p>\n\n\n\n<p>Entre las iniciativas que forman parte de la agenda se encuentran:<\/p>\n\n\n\n<p>Seminarios de Empleabilidad Joven, en R\u00edo Grande, Tolhuin y Ushuaia, con propuestas como Belleza Capilar, Dise\u00f1o de U\u00f1as, Encontr\u00e1 tu Vocaci\u00f3n, Narrativas Visuales y Manufactura Creativa.<\/p>\n\n\n\n<p>Instancia Provincial del Parlamento Juvenil del Mercosur, donde j\u00f3venes de toda la provincia se reunir\u00e1n para elaborar un documento provincial a partir de cuatro ejes: Equidad, Derecho y Diversidad; Identidad, Participaci\u00f3n y Comunidad; Formaci\u00f3n para el Futuro y Desarrollo Laboral; y Sostenibilidad, Cuidado del Entorno y Bienestar.<\/p>\n\n\n\n<p>Impulso Egreso, con el sorteo simult\u00e1neo de la rifa a beneficio de estudiantes que cursan el \u00faltimo a\u00f1o del nivel secundario. La actividad tendr\u00e1 su instancia presencial en R\u00edo Grande y transmisi\u00f3n en vivo.<\/p>\n\n\n\n<p>Baile de la Primavera, un nuevo espacio de encuentro para las juventudes de R\u00edo Grande, en articulaci\u00f3n con los centros de estudiantes locales.<\/p>\n\n\n\n<p>Para conocer en detalle la agenda, con d\u00edas, horarios e inscripciones, ingresar a<\/p>\n\n\n\n<figure class=\"wp-block-embed is-type-wp-embed is-provider-gobierno-de-tierra-del-fuego wp-block-embed-gobierno-de-tierra-del-fuego\"><div class=\"wp-block-embed__wrapper\">\n<blockquote class=\"wp-embedded-content\" data-secret=\"AyvQgi75Ik\"><a href=\"https:\/\/www.tierradelfuego.gob.ar\/mes-de-las-juventudes\/\">mes de las juventudes<\/a><\/blockquote><iframe class=\"wp-embedded-content\" sandbox=\"allow-scripts\" security=\"restricted\" style=\"position: absolute; clip: rect(1px, 1px, 1px, 1px);\" title=\"\u00abmes de las juventudes\u00bb \u2014 Gobierno de Tierra del Fuego\" src=\"https:\/\/www.tierradelfuego.gob.ar\/mes-de-las-juventudes\/embed\/#?secret=VgAZhewoFn#?secret=AyvQgi75Ik\" data-secret=\"AyvQgi75Ik\" width=\"600\" height=\"338\" frameborder=\"0\" marginwidth=\"0\" marginheight=\"0\" scrolling=\"no\"><\/iframe>\n<\/div><\/figure>\n","protected":false},"excerpt":{"rendered":"<p>El Ministerio de Bienestar Ciudadano y Justicia, a trav\u00e9s de la Secretar\u00eda de Pol\u00edticas para&#8230;<\/p>\n","protected":false},"author":1,"featured_media":20853,"comment_status":"open","ping_status":"open","sticky":true,"template":"","format":"standard","meta":{"footnotes":""},"categories":[41],"tags":[],"_links":{"self":[{"href":"https:\/\/infoglobalsur.ar\/index.php?rest_route=\/wp\/v2\/posts\/20852"}],"collection":[{"href":"https:\/\/infoglobalsur.ar\/index.php?rest_route=\/wp\/v2\/posts"}],"about":[{"href":"https:\/\/infoglobalsur.ar\/index.php?rest_route=\/wp\/v2\/types\/post"}],"author":[{"embeddable":true,"href":"https:\/\/infoglobalsur.ar\/index.php?rest_route=\/wp\/v2\/users\/1"}],"replies":[{"embeddable":true,"href":"https:\/\/infoglobalsur.ar\/index.php?rest_route=%2Fwp%2Fv2%2Fcomments&post=20852"}],"version-history":[{"count":1,"href":"https:\/\/infoglobalsur.ar\/index.php?rest_route=\/wp\/v2\/posts\/20852\/revisions"}],"predecessor-version":[{"id":20854,"href":"https:\/\/infoglobalsur.ar\/index.php?rest_route=\/wp\/v2\/posts\/20852\/revisions\/20854"}],"wp:featuredmedia":[{"embeddable":true,"href":"https:\/\/infoglobalsur.ar\/index.php?rest_route=\/wp\/v2\/media\/20853"}],"wp:attachment":[{"href":"https:\/\/infoglobalsur.ar\/index.php?rest_route=%2Fwp%2Fv2%2Fmedia&parent=20852"}],"wp:term":[{"taxonomy":"category","embeddable":true,"href":"https:\/\/infoglobalsur.ar\/index.php?rest_route=%2Fwp%2Fv2%2Fcategories&post=20852"},{"taxonomy":"post_tag","embeddable":true,"href":"https:\/\/infoglobalsur.ar\/index.php?rest_route=%2Fwp%2Fv2%2Ftags&post=20852"}],"curies":[{"name":"wp","href":"https:\/\/api.w.org\/{rel}","templated":true}]}}