{"id":20855,"date":"2026-08-31T10:03:34","date_gmt":"2026-08-31T13:03:34","guid":{"rendered":"https:\/\/infoglobalsur.ar\/?p=20855"},"modified":"2026-08-31T10:03:35","modified_gmt":"2026-08-31T13:03:35","slug":"osef-articula-acciones-con-la-fundacion-natali-dafne-flexer","status":"publish","type":"post","link":"https:\/\/infoglobalsur.ar\/?p=20855","title":{"rendered":"OSEF articula acciones con la Fundaci\u00f3n Natal\u00ed Dafne Flexer"},"content":{"rendered":"\n<p>Con la firme convicci\u00f3n de que la salud y el bienestar de los ni\u00f1os, ni\u00f1as y adolescentes son una prioridad, autoridades de la Obra Social del Estado Fueguino (OSEF), el presidente Gustavo Garc\u00eda, vicepresidente Dr. Jorge Gim\u00e9nez, la directora por los activos, Adriana Soria; los integrantes del equipo t\u00e9cnico Dr. Mart\u00edn Vegh, Solange Juarez Stazzone y Romina Rivero se reunieron con la Lic. Ver\u00f3nica Pani y Edith Grynszpancholc, presidenta de la Fundaci\u00f3n Natal\u00ed Dafne Flexer, instituci\u00f3n de referencia nacional en la contenci\u00f3n y acompa\u00f1amiento del c\u00e1ncer infantil.<\/p>\n\n\n\n<figure class=\"wp-block-image size-full is-resized\"><img loading=\"lazy\" decoding=\"async\" width=\"780\" height=\"90\" src=\"https:\/\/infoglobalsur.ar\/wp-content\/uploads\/2026\/08\/780x90-1.gif\" alt=\"\" class=\"wp-image-20719\" style=\"width:840px;height:auto\"\/><\/figure>\n\n\n\n<p>La reuni\u00f3n marc\u00f3 el inicio de una colaboraci\u00f3n estrat\u00e9gica dise\u00f1ada para dar respuestas oportunas, humanas y eficientes a las familias fueguinas que atraviesan tratamientos oncol\u00f3gicos, tanto en la provincia como en los centros de alta complejidad del pa\u00eds.<\/p>\n\n\n\n<p>Esta alianza busca articular de manera directa la capacidad prestacional e institucional de OSEF con los programas de asistencia integral de la Fundaci\u00f3n Flexer.<\/p>\n\n\n\n<p>Entre los pilares centrales de esta uni\u00f3n se destacan:<\/p>\n\n\n\n<p>-Soporte y Contenci\u00f3n Familiar en Derivaciones.<br>Apoyo para la agilizaci\u00f3n de tr\u00e1mites de hospedaje, soporte psicosocial y material de orientaci\u00f3n para las familias de Tierra del Fuego que deben viajar a Buenos Aires u otros centros urbanos para la atenci\u00f3n de sus hijos.<\/p>\n\n\n\n<p>-Agilizaci\u00f3n de Tr\u00e1mites y Gesti\u00f3n de Insumos:<br>Trabajar coordinadamente para simplificar la tramitaci\u00f3n administrativa, el acceso a medicaci\u00f3n espec\u00edfica y la provisi\u00f3n de insumos m\u00e9dicos para pacientes pedi\u00e1tricos en tratamiento.<\/p>\n\n\n\n<p>-Acompa\u00f1amiento Emocional y Recreativo:<br>Garantizar que los ni\u00f1os reciban contenci\u00f3n multidisciplinaria durante las etapas de diagn\u00f3stico, tratamiento y seguimiento.<\/p>\n\n\n\n<p>\u00abEl abordaje del c\u00e1ncer infantil requiere no solo de la excelencia m\u00e9dica, sino tambi\u00e9n de una red humana s\u00f3lida y eficiente. Coordinar acciones con la Fundaci\u00f3n Natal\u00ed Dafne Flexer nos permite asegurar que cada ni\u00f1o y cada familia fueguina cuente con el respaldo, la calidez y las herramientas necesarias en todo momento\u00bb, destacaron desde la conducci\u00f3n de OSEF.<\/p>\n\n\n\n<p>Con este acercamiento, la Obra Social del Estado Fueguino reafirma su compromiso con la salud p\u00fablica provincial y la humanizaci\u00f3n de la atenci\u00f3n m\u00e9dica, sumando el valor de organizaciones de reconocida trayectoria en beneficio directo de sus afiliados.<\/p>\n","protected":false},"excerpt":{"rendered":"<p>Con la firme convicci\u00f3n de que la salud y el bienestar de los ni\u00f1os, ni\u00f1as&#8230;<\/p>\n","protected":false},"author":1,"featured_media":20856,"comment_status":"open","ping_status":"open","sticky":true,"template":"","format":"standard","meta":{"footnotes":""},"categories":[1],"tags":[],"_links":{"self":[{"href":"https:\/\/infoglobalsur.ar\/index.php?rest_route=\/wp\/v2\/posts\/20855"}],"collection":[{"href":"https:\/\/infoglobalsur.ar\/index.php?rest_route=\/wp\/v2\/posts"}],"about":[{"href":"https:\/\/infoglobalsur.ar\/index.php?rest_route=\/wp\/v2\/types\/post"}],"author":[{"embeddable":true,"href":"https:\/\/infoglobalsur.ar\/index.php?rest_route=\/wp\/v2\/users\/1"}],"replies":[{"embeddable":true,"href":"https:\/\/infoglobalsur.ar\/index.php?rest_route=%2Fwp%2Fv2%2Fcomments&post=20855"}],"version-history":[{"count":1,"href":"https:\/\/infoglobalsur.ar\/index.php?rest_route=\/wp\/v2\/posts\/20855\/revisions"}],"predecessor-version":[{"id":20857,"href":"https:\/\/infoglobalsur.ar\/index.php?rest_route=\/wp\/v2\/posts\/20855\/revisions\/20857"}],"wp:featuredmedia":[{"embeddable":true,"href":"https:\/\/infoglobalsur.ar\/index.php?rest_route=\/wp\/v2\/media\/20856"}],"wp:attachment":[{"href":"https:\/\/infoglobalsur.ar\/index.php?rest_route=%2Fwp%2Fv2%2Fmedia&parent=20855"}],"wp:term":[{"taxonomy":"category","embeddable":true,"href":"https:\/\/infoglobalsur.ar\/index.php?rest_route=%2Fwp%2Fv2%2Fcategories&post=20855"},{"taxonomy":"post_tag","embeddable":true,"href":"https:\/\/infoglobalsur.ar\/index.php?rest_route=%2Fwp%2Fv2%2Ftags&post=20855"}],"curies":[{"name":"wp","href":"https:\/\/api.w.org\/{rel}","templated":true}]}}