{"id":20858,"date":"2026-08-31T11:49:40","date_gmt":"2026-08-31T14:49:40","guid":{"rendered":"https:\/\/infoglobalsur.ar\/?p=20858"},"modified":"2026-08-31T12:02:33","modified_gmt":"2026-08-31T15:02:33","slug":"unai-correa-se-consagro-campeon-nacional-de-scootering-y-busca-apoyo-para-competir-en-el-mundial","status":"publish","type":"post","link":"https:\/\/infoglobalsur.ar\/?p=20858","title":{"rendered":"Unai Correa se consagr\u00f3 campe\u00f3n nacional de scootering y busca apoyo para competir en el Mundial"},"content":{"rendered":"\n<p>Tras destacarse en el Torneo Nacional disputado en Avellaneda \u2014donde obtuvo el primer puesto en la categor\u00eda Street Senior\u2014, el rider local ratific\u00f3 su gran nivel y se prepara para representar al pa\u00eds en la m\u00e1xima cita internacional. Para concretar el viaje, apela al acompa\u00f1amiento de la comunidad y del sector privado.<\/p>\n\n\n\n<figure class=\"wp-block-image size-full is-resized\"><img loading=\"lazy\" decoding=\"async\" width=\"780\" height=\"90\" src=\"https:\/\/infoglobalsur.ar\/wp-content\/uploads\/2026\/08\/780x90-1.gif\" alt=\"\" class=\"wp-image-20719\" style=\"width:840px;height:auto\"\/><\/figure>\n\n\n\n<p>El deporte extremo fueguino vive un momento hist\u00f3rico de la mano de Unai Correa, quien coron\u00f3 una brillante actuaci\u00f3n en el Torneo Nacional de Scootering 2026 y asegur\u00f3 su pasaje para competir en el pr\u00f3ximo Campeonato Mundial de la disciplina, a disputarse el mes de octubre en Paraguay.<\/p>\n\n\n\n<figure class=\"wp-block-image size-full is-resized\"><img loading=\"lazy\" decoding=\"async\" width=\"509\" height=\"441\" src=\"https:\/\/infoglobalsur.ar\/wp-content\/uploads\/2026\/08\/Sin-titulo-6.png\" alt=\"\" class=\"wp-image-20859\" style=\"width:840px;height:auto\" srcset=\"https:\/\/infoglobalsur.ar\/wp-content\/uploads\/2026\/08\/Sin-titulo-6.png 509w, https:\/\/infoglobalsur.ar\/wp-content\/uploads\/2026\/08\/Sin-titulo-6-300x260.png 300w, https:\/\/infoglobalsur.ar\/wp-content\/uploads\/2026\/08\/Sin-titulo-6-346x300.png 346w, https:\/\/infoglobalsur.ar\/wp-content\/uploads\/2026\/08\/Sin-titulo-6-310x269.png 310w, https:\/\/infoglobalsur.ar\/wp-content\/uploads\/2026\/08\/Sin-titulo-6-121x105.png 121w\" sizes=\"(max-width: 509px) 100vw, 509px\" \/><\/figure>\n\n\n\n<p>El certamen nacional, que reuni\u00f3 a los m\u00e1ximos exponentes de la disciplina en el skatepark de Avellaneda, dej\u00f3 en claro el alto nivel competitivo del atleta local. Tras las exigentes pasadas evaluadas por los jurados, Correa se consagr\u00f3 en lo m\u00e1s alto del podio al obtener el 1\u00b0 puesto en la categor\u00eda Street Senior. <\/p>\n\n\n\n<p>Este gran resultado llega para revalidar el proceso de preparaci\u00f3n y el esfuerzo sostenido que el deportista ven\u00eda desplegando de cara al torneo, consolidando las expectativas generadas en la previa y transform\u00e1ndose en el paso previo ideal hacia su gran meta internacional.<\/p>\n\n\n\n<figure class=\"wp-block-image size-large\"><img loading=\"lazy\" decoding=\"async\" width=\"768\" height=\"1024\" src=\"https:\/\/infoglobalsur.ar\/wp-content\/uploads\/2026\/08\/WhatsApp-Image-2026-08-31-at-11.29.34-768x1024.jpeg\" alt=\"\" class=\"wp-image-20860\" srcset=\"https:\/\/infoglobalsur.ar\/wp-content\/uploads\/2026\/08\/WhatsApp-Image-2026-08-31-at-11.29.34-768x1024.jpeg 768w, https:\/\/infoglobalsur.ar\/wp-content\/uploads\/2026\/08\/WhatsApp-Image-2026-08-31-at-11.29.34-225x300.jpeg 225w, https:\/\/infoglobalsur.ar\/wp-content\/uploads\/2026\/08\/WhatsApp-Image-2026-08-31-at-11.29.34-1152x1536.jpeg 1152w, https:\/\/infoglobalsur.ar\/wp-content\/uploads\/2026\/08\/WhatsApp-Image-2026-08-31-at-11.29.34-1024x1365.jpeg 1024w, https:\/\/infoglobalsur.ar\/wp-content\/uploads\/2026\/08\/WhatsApp-Image-2026-08-31-at-11.29.34-233x310.jpeg 233w, https:\/\/infoglobalsur.ar\/wp-content\/uploads\/2026\/08\/WhatsApp-Image-2026-08-31-at-11.29.34-79x105.jpeg 79w, https:\/\/infoglobalsur.ar\/wp-content\/uploads\/2026\/08\/WhatsApp-Image-2026-08-31-at-11.29.34.jpeg 1200w\" sizes=\"(max-width: 768px) 100vw, 768px\" \/><\/figure>\n\n\n\n<p>Sin embargo, a pesar de haber alcanzado la clasificaci\u00f3n deportiva y contar con el aval t\u00e9cnico para representar a la provincia y al pa\u00eds, el atleta requiere actualmente del acompa\u00f1amiento de la comunidad y del sector privado para costear la compleja log\u00edstica que demanda la alta competencia.<\/p>\n\n\n\n<p>Los fondos recaudados estar\u00e1n destinados de manera integral a cubrir los gastos de pasajes a\u00e9reos, traslados urbanos, alojamiento, nutrici\u00f3n y mantenimiento de equipamiento, tanto para su presentaci\u00f3n en Buenos Aires a fines de este mes como para la delegaci\u00f3n que viajar\u00e1 a Paraguay en octubre.<\/p>\n\n\n\n<p>Por este motivo, se invita a marcas, empresas, comercios locales, instituciones y padrinos deportivos interesados en respaldar la carrera del rider fueguino a sumarse al proyecto colaborando a trav\u00e9s de los siguientes canales de contacto:<\/p>\n\n\n\n<ul>\n<li><strong>Instagram:<\/strong> @mateo_unai<\/li>\n\n\n\n<li><strong>Correo electr\u00f3nico:<\/strong> Mateounaicorrrea@gmail.com<\/li>\n\n\n\n<li><strong>Tel\u00e9fono:<\/strong> 2901501408<\/li>\n\n\n\n<li><strong>Aportes econ\u00f3micos:<\/strong> Alias <strong>unai.mundial<\/strong><\/li>\n<\/ul>\n\n\n\n<p>El evento nacional cont\u00f3 con la organizaci\u00f3n y el compromiso de la Asociaci\u00f3n Patinadores Metropolitanos (APM), adem\u00e1s del acompa\u00f1amiento institucional de la Municipalidad de Avellaneda \u2014encabezada por la intendenta Maggy\u2014 y de los equipos de la secretar\u00eda de deportes local, quienes facilitaron las instalaciones para el desarrollo de una jornada inolvidable.<\/p>\n\n\n\n<p>Con el t\u00edtulo nacional bajo el brazo y la mira puesta en octubre, Unai Correa intensifica ahora sus entrenamientos para llevar el talento y la bandera argentina al escenario mundialista, representando con orgullo el crecimiento de los deportes urbanos de Tierra del Fuego y aguardando el calor de su comunidad para cumplir este gran sue\u00f1o.<\/p>\n","protected":false},"excerpt":{"rendered":"<p>Tras destacarse en el Torneo Nacional disputado en Avellaneda \u2014donde obtuvo el primer puesto en&#8230;<\/p>\n","protected":false},"author":1,"featured_media":20861,"comment_status":"open","ping_status":"open","sticky":true,"template":"","format":"standard","meta":{"footnotes":""},"categories":[1],"tags":[],"_links":{"self":[{"href":"https:\/\/infoglobalsur.ar\/index.php?rest_route=\/wp\/v2\/posts\/20858"}],"collection":[{"href":"https:\/\/infoglobalsur.ar\/index.php?rest_route=\/wp\/v2\/posts"}],"about":[{"href":"https:\/\/infoglobalsur.ar\/index.php?rest_route=\/wp\/v2\/types\/post"}],"author":[{"embeddable":true,"href":"https:\/\/infoglobalsur.ar\/index.php?rest_route=\/wp\/v2\/users\/1"}],"replies":[{"embeddable":true,"href":"https:\/\/infoglobalsur.ar\/index.php?rest_route=%2Fwp%2Fv2%2Fcomments&post=20858"}],"version-history":[{"count":2,"href":"https:\/\/infoglobalsur.ar\/index.php?rest_route=\/wp\/v2\/posts\/20858\/revisions"}],"predecessor-version":[{"id":20864,"href":"https:\/\/infoglobalsur.ar\/index.php?rest_route=\/wp\/v2\/posts\/20858\/revisions\/20864"}],"wp:featuredmedia":[{"embeddable":true,"href":"https:\/\/infoglobalsur.ar\/index.php?rest_route=\/wp\/v2\/media\/20861"}],"wp:attachment":[{"href":"https:\/\/infoglobalsur.ar\/index.php?rest_route=%2Fwp%2Fv2%2Fmedia&parent=20858"}],"wp:term":[{"taxonomy":"category","embeddable":true,"href":"https:\/\/infoglobalsur.ar\/index.php?rest_route=%2Fwp%2Fv2%2Fcategories&post=20858"},{"taxonomy":"post_tag","embeddable":true,"href":"https:\/\/infoglobalsur.ar\/index.php?rest_route=%2Fwp%2Fv2%2Ftags&post=20858"}],"curies":[{"name":"wp","href":"https:\/\/api.w.org\/{rel}","templated":true}]}}