{"id":20865,"date":"2026-09-01T01:28:00","date_gmt":"2026-09-01T04:28:00","guid":{"rendered":"https:\/\/infoglobalsur.ar\/?p=20865"},"modified":"2026-08-31T13:31:26","modified_gmt":"2026-08-31T16:31:26","slug":"realizaron-talleres-de-primeros-auxilios-para-el-personal-legislativo","status":"publish","type":"post","link":"https:\/\/infoglobalsur.ar\/?p=20865","title":{"rendered":"Realizaron talleres de primeros auxilios para el personal legislativo"},"content":{"rendered":"\n<p>En el marco de la Semana de la Lucha contra la Muerte S\u00fabita, la Legislatura impuls\u00f3 una jornada de formaci\u00f3n t\u00e9cnica para preparar a sus agentes como primeros respondientes ante emergencias m\u00e9dicas.<\/p>\n\n\n\n<figure class=\"wp-block-image size-full is-resized\"><img loading=\"lazy\" decoding=\"async\" width=\"780\" height=\"90\" src=\"https:\/\/infoglobalsur.ar\/wp-content\/uploads\/2026\/08\/780x90-1.gif\" alt=\"\" class=\"wp-image-20719\" style=\"width:840px;height:auto\"\/><\/figure>\n\n\n\n<p>Adem\u00e1s, se destac\u00f3 la incorporaci\u00f3n de un nuevo desfibrilador externo autom\u00e1tico en la instituci\u00f3n.<\/p>\n\n\n\n<p>En las instalaciones del Recinto de Sesiones se realiz\u00f3 la jornada de capacitaci\u00f3n en primeros auxilios y Reanimaci\u00f3n Cardiopulmonar (RCP) destinada a todo su personal. La iniciativa busca dotar a los trabajadores legislativos de las herramientas necesarias para actuar de manera r\u00e1pida y eficaz ante situaciones de emergencia.<\/p>\n\n\n\n<p>La actividad se desarroll\u00f3 en consonancia con la Semana de la Lucha contra la Muerte S\u00fabita, que se conmemora del 21 al 27 de agosto.<\/p>\n\n\n\n<p>Durante el taller se destac\u00f3 que la respuesta ante eventos como una parada card\u00edaca debe ser sumamente veloz, lo que resalta la necesidad de contar con personal entrenado en el lugar.<\/p>\n\n\n\n<p>La finalidad fue generar \u201cun nuevo espacio cardioprotegido y personal preparado\u201d, destac\u00f3 el comandante General Rodolfo Canseco, jefe del cuerpo activo de Bomberos Ushuaia, en di\u00e1logo con Prensa Legislativa.<\/p>\n\n\n\n<p>Uno de los puntos clave expuestos durante la jornada por los referentes de la capacitaci\u00f3n fue la adquisici\u00f3n de equipamiento de seguridad de \u00faltima generaci\u00f3n. \u00abVimos que en la Legislatura han incorporado un desfibrilador externo autom\u00e1tico\u00bb, se se\u00f1al\u00f3 con satisfacci\u00f3n. Esta medida cumple con la legislaci\u00f3n vigente, la cual establece que todos los entes p\u00fablicos deben contar con este tipo de dispositivos para la reanimaci\u00f3n.<\/p>\n\n\n\n<p>Contar con la tecnolog\u00eda no es suficiente; la clave est\u00e1 en el factor humano. El taller se enfoc\u00f3 no solo en el uso t\u00e9cnico del desfibrilador y las maniobras de RCP, sino tambi\u00e9n en un conjunto de conocimientos b\u00e1sicos y fundamentales para la vida cotidiana. Entre ellos, se instruy\u00f3 sobre la desobstrucci\u00f3n de la v\u00eda a\u00e9rea por cuerpos extra\u00f1os (tanto en adultos como en ni\u00f1os), el manejo inicial de hemorragias, crisis de epilepsia, convulsiones y accidentes dom\u00e9sticos.<\/p>\n\n\n\n<p>Orlando Flores, capacitador de Bomberos Ushuaia y encargado de la actividad, puso en valor la importancia del \u00abprimer respondiente\u00bb ante una emergencia. Al respecto, se\u00f1al\u00f3 que \u00abse trabaj\u00f3 sobre las maniobras y procedimientos de emergencia; si bien tienen una finalidad m\u00e9dica, en primera instancia deben ser ejecutados por la persona que se encuentra al lado de quien sufre el evento\u00bb.<\/p>\n\n\n\n<p>\u00abLa primera respuesta no tiene que ser de un m\u00e9dico. La primera respuesta es de quien est\u00e1 ah\u00ed al lado. Que el que est\u00e1 al lado te pueda auxiliar es garant\u00eda de supervivencia\u00bb, explic\u00f3 Flores, y agreg\u00f3 que \u00abestas acciones aumentan sustancialmente las posibilidades de sobrevida de una v\u00edctima\u00bb.<\/p>\n\n\n\n<p>Balance t\u00e9cnico y convocatoria<\/p>\n\n\n\n<p>El capacitador a cargo del taller, Orlando Flores, mostr\u00f3 satisfacci\u00f3n con el desarrollo de la jornada y el desempe\u00f1o de los agentes de la Legislatura. \u00abAmbos cumplimos el objetivo de transmitir y de recibir todo este concepto de reanimar a cualquier persona; estamos completamente satisfechos\u00bb, valor\u00f3 Flores, quien calific\u00f3 la respuesta y el trabajo pr\u00e1ctico del personal legislativo como \u00abun espect\u00e1culo\u00bb por su comodidad y compromiso.<\/p>\n\n\n\n<p>Flores detall\u00f3 que los contenidos priorizaron el reconocimiento y la resoluci\u00f3n de emergencias tanto en el \u00e1mbito laboral y domiciliario, como en zonas agrestes. Esto incluy\u00f3 desde la atenci\u00f3n a ni\u00f1os y beb\u00e9s hasta el proceso de espera controlada de la ambulancia.<\/p>\n\n\n\n<p>Finalmente, el instructor sugiri\u00f3 que estas actividades de formaci\u00f3n deben actualizarse peri\u00f3dicamente. Dado que las instituciones de salud a nivel mundial modifican y perfeccionan los procedimientos de reanimaci\u00f3n y desobstrucci\u00f3n aproximadamente cada dos a\u00f1os (como ocurri\u00f3 recientemente con nuevas t\u00e9cnicas recomendadas para beb\u00e9s), Flores aconsej\u00f3 que el personal reitere estas capacitaciones al menos con esa frecuencia para mantener la informaci\u00f3n al d\u00eda y optimizar los tiempos de respuesta<\/p>\n","protected":false},"excerpt":{"rendered":"<p>En el marco de la Semana de la Lucha contra la Muerte S\u00fabita, la Legislatura&#8230;<\/p>\n","protected":false},"author":1,"featured_media":20866,"comment_status":"open","ping_status":"open","sticky":true,"template":"","format":"standard","meta":{"footnotes":""},"categories":[286],"tags":[],"_links":{"self":[{"href":"https:\/\/infoglobalsur.ar\/index.php?rest_route=\/wp\/v2\/posts\/20865"}],"collection":[{"href":"https:\/\/infoglobalsur.ar\/index.php?rest_route=\/wp\/v2\/posts"}],"about":[{"href":"https:\/\/infoglobalsur.ar\/index.php?rest_route=\/wp\/v2\/types\/post"}],"author":[{"embeddable":true,"href":"https:\/\/infoglobalsur.ar\/index.php?rest_route=\/wp\/v2\/users\/1"}],"replies":[{"embeddable":true,"href":"https:\/\/infoglobalsur.ar\/index.php?rest_route=%2Fwp%2Fv2%2Fcomments&post=20865"}],"version-history":[{"count":3,"href":"https:\/\/infoglobalsur.ar\/index.php?rest_route=\/wp\/v2\/posts\/20865\/revisions"}],"predecessor-version":[{"id":20869,"href":"https:\/\/infoglobalsur.ar\/index.php?rest_route=\/wp\/v2\/posts\/20865\/revisions\/20869"}],"wp:featuredmedia":[{"embeddable":true,"href":"https:\/\/infoglobalsur.ar\/index.php?rest_route=\/wp\/v2\/media\/20866"}],"wp:attachment":[{"href":"https:\/\/infoglobalsur.ar\/index.php?rest_route=%2Fwp%2Fv2%2Fmedia&parent=20865"}],"wp:term":[{"taxonomy":"category","embeddable":true,"href":"https:\/\/infoglobalsur.ar\/index.php?rest_route=%2Fwp%2Fv2%2Fcategories&post=20865"},{"taxonomy":"post_tag","embeddable":true,"href":"https:\/\/infoglobalsur.ar\/index.php?rest_route=%2Fwp%2Fv2%2Ftags&post=20865"}],"curies":[{"name":"wp","href":"https:\/\/api.w.org\/{rel}","templated":true}]}}