{"id":20879,"date":"2026-09-01T09:18:37","date_gmt":"2026-09-01T12:18:37","guid":{"rendered":"https:\/\/infoglobalsur.ar\/?p=20879"},"modified":"2026-09-01T09:18:38","modified_gmt":"2026-09-01T12:18:38","slug":"culmino-el-trabajo-semestral-del-programa-municipal-destinado-a-las-infancias","status":"publish","type":"post","link":"https:\/\/infoglobalsur.ar\/?p=20879","title":{"rendered":"Culmin\u00f3 el trabajo semestral del programa municipal destinado a las infancias"},"content":{"rendered":"\n<p>La Municipalidad de Ushuaia contin\u00faa fortaleciendo las pol\u00edticas p\u00fablicas destinadas a las infancias a trav\u00e9s del Programa H\u00e1bito Lector \u2013 Cocineritos \u2013 Cuentos y Relatos, una propuesta que articula educaci\u00f3n, cultura y trabajo territorial en distintos barrios de la ciudad.<\/p>\n\n\n\n<figure class=\"wp-block-image size-full is-resized\"><img loading=\"lazy\" decoding=\"async\" width=\"780\" height=\"90\" src=\"https:\/\/infoglobalsur.ar\/wp-content\/uploads\/2026\/08\/780x90-1.gif\" alt=\"\" class=\"wp-image-20719\" style=\"width:840px;height:auto\"\/><\/figure>\n\n\n\n<p>En este marco, 120 ni\u00f1os y ni\u00f1as participaron de la presentaci\u00f3n de \u201cEl Ingrediente Secreto\u201d, que tuvo lugar en la Sala Nin\u00ed Marshall de la Casa de la Cultura, ante unas 270 personas y un importante acompa\u00f1amiento de las familias que se acercaron para compartir el cierre de seis meses de trabajo.<\/p>\n\n\n\n<p>La propuesta fue desarrollada junto a ni\u00f1os, ni\u00f1as, familias, docentes y equipos territoriales, utilizando el teatro como una herramienta pedag\u00f3gica para promover la expresi\u00f3n, la escucha, el trabajo colectivo y el desarrollo de la confianza y la autonom\u00eda.<\/p>\n\n\n\n<p>En esta primera experiencia participaron cinco de las diez sedes que integran el programa. Las restantes continuar\u00e1n con el proceso de trabajo durante los pr\u00f3ximos meses, con la mirada puesta en una nueva presentaci\u00f3n colectiva prevista para diciembre.<\/p>\n\n\n\n<p>La jornada comenz\u00f3 desde temprano, cuando los ni\u00f1os y ni\u00f1as se trasladaron desde distintos barrios de la ciudad junto a sus familias y los equipos que forman parte del programa, para encontrarse finalmente en la Casa de la Cultura.<\/p>\n\n\n\n<p>Durante los seis meses de trabajo, el abordaje teatral permiti\u00f3 que los participantes no solamente aprendieran una obra, sino que tambi\u00e9n pudieran compartir con otros, asumir responsabilidades, expresarse, superar temores y comprender la importancia de cada integrante para alcanzar un objetivo colectivo.<\/p>\n\n\n\n<p>La obra incorpor\u00f3 adem\u00e1s contenidos vinculados al cuidado del ambiente a partir de los grandes elementos de la naturaleza y de una pregunta que atraves\u00f3 la historia: cu\u00e1l es ese ingrediente capaz de unirnos para cuidar el mundo que compartimos.<\/p>\n\n\n\n<p>El profesor Jos\u00e9 Luis Paredes destac\u00f3 especialmente el acompa\u00f1amiento de las familias y el trabajo sostenido durante todo el proceso.<\/p>\n\n\n\n<p>\u201cLa imagen de la sala llena emociona, pero detr\u00e1s de esa imagen hay seis meses de trabajo. Por eso lo primero es agradecer a las familias. A cada mam\u00e1, pap\u00e1, abuelo y adulto que llev\u00f3 a los chicos, que esper\u00f3, que acompa\u00f1\u00f3 y que hoy volvi\u00f3 a estar. Desde las diez de la ma\u00f1ana comenzaron a salir desde los barrios y cada uno pudo llegar porque hubo una familia y un equipo sosteniendo ese recorrido.\u201d<\/p>\n\n\n\n<p>Asimismo, Paredes remarc\u00f3 la importancia de sostener procesos de trabajo en el tiempo y no limitar las pol\u00edticas destinadas a las infancias a actividades aisladas.<\/p>\n\n\n\n<p>\u201cNo queremos llenar un calendario de actividades. Queremos construir procesos. Hoy participaron cinco de nuestras diez sedes y todav\u00eda tenemos otros grupos esperando su momento para diciembre. Eso es lo m\u00e1s importante: saber que cada encuentro forma parte de algo que se viene construyendo durante todo el a\u00f1o.\u201d<\/p>\n\n\n\n<p>Por su parte, el secretario de Cultura y Educaci\u00f3n, David Ferreyra, destac\u00f3 el alcance territorial de la propuesta y el rol del Estado municipal en la generaci\u00f3n de espacios de encuentro para las infancias.<\/p>\n\n\n\n<p>\u201cLo que vemos hoy sobre este escenario es el resultado de una pol\u00edtica que se construye todos los d\u00edas en los barrios. Hay chicos que encontraron en este espacio una oportunidad para expresarse, para compartir con otros y para descubrir nuevas capacidades. Como Estado municipal tenemos la responsabilidad de acompa\u00f1ar esos procesos y generar las condiciones para que puedan sostenerse y crecer.\u201d<\/p>\n\n\n\n<p>La jefa de Gabinete, Yesica Garay, puso en valor el acompa\u00f1amiento de las familias y el trabajo de los equipos municipales que desarrollan las propuestas en territorio.<\/p>\n\n\n\n<p>\u201cCuando hablamos de pol\u00edticas para las infancias hablamos de estar cerca, de generar oportunidades y de construir comunidad. Hoy hay 120 infancias sobre este escenario, pero detr\u00e1s de cada uno hay una familia, docentes y equipos que durante seis meses hicieron posible este proceso.<br>Ese es el camino que queremos seguir fortaleciendo desde la Municipalidad de Ushuaia.\u201d<\/p>\n\n\n\n<p>Desde la Municipalidad destacaron adem\u00e1s el acompa\u00f1amiento de las familias y de los equipos docentes y territoriales que hacen posible el desarrollo de estas propuestas en los barrios, as\u00ed como la decisi\u00f3n del intendente Walter Vuoto de sostener pol\u00edticas p\u00fablicas que acerquen herramientas educativas y culturales a las distintas comunidades de la ciudad.<\/p>\n\n\n\n<p>La presentaci\u00f3n de \u201cEl Ingrediente Secreto\u201d constituye as\u00ed una muestra del trabajo que se desarrolla durante todo el a\u00f1o en las diez sedes del programa, con propuestas que buscan generar espacios de aprendizaje, expresi\u00f3n y encuentro para ni\u00f1os y ni\u00f1as de Ushuaia.<\/p>\n","protected":false},"excerpt":{"rendered":"<p>La Municipalidad de Ushuaia contin\u00faa fortaleciendo las pol\u00edticas p\u00fablicas destinadas a las infancias a trav\u00e9s&#8230;<\/p>\n","protected":false},"author":1,"featured_media":20880,"comment_status":"open","ping_status":"open","sticky":true,"template":"","format":"standard","meta":{"footnotes":""},"categories":[25],"tags":[],"_links":{"self":[{"href":"https:\/\/infoglobalsur.ar\/index.php?rest_route=\/wp\/v2\/posts\/20879"}],"collection":[{"href":"https:\/\/infoglobalsur.ar\/index.php?rest_route=\/wp\/v2\/posts"}],"about":[{"href":"https:\/\/infoglobalsur.ar\/index.php?rest_route=\/wp\/v2\/types\/post"}],"author":[{"embeddable":true,"href":"https:\/\/infoglobalsur.ar\/index.php?rest_route=\/wp\/v2\/users\/1"}],"replies":[{"embeddable":true,"href":"https:\/\/infoglobalsur.ar\/index.php?rest_route=%2Fwp%2Fv2%2Fcomments&post=20879"}],"version-history":[{"count":1,"href":"https:\/\/infoglobalsur.ar\/index.php?rest_route=\/wp\/v2\/posts\/20879\/revisions"}],"predecessor-version":[{"id":20881,"href":"https:\/\/infoglobalsur.ar\/index.php?rest_route=\/wp\/v2\/posts\/20879\/revisions\/20881"}],"wp:featuredmedia":[{"embeddable":true,"href":"https:\/\/infoglobalsur.ar\/index.php?rest_route=\/wp\/v2\/media\/20880"}],"wp:attachment":[{"href":"https:\/\/infoglobalsur.ar\/index.php?rest_route=%2Fwp%2Fv2%2Fmedia&parent=20879"}],"wp:term":[{"taxonomy":"category","embeddable":true,"href":"https:\/\/infoglobalsur.ar\/index.php?rest_route=%2Fwp%2Fv2%2Fcategories&post=20879"},{"taxonomy":"post_tag","embeddable":true,"href":"https:\/\/infoglobalsur.ar\/index.php?rest_route=%2Fwp%2Fv2%2Ftags&post=20879"}],"curies":[{"name":"wp","href":"https:\/\/api.w.org\/{rel}","templated":true}]}}