{"id":20889,"date":"2026-09-01T09:34:55","date_gmt":"2026-09-01T12:34:55","guid":{"rendered":"https:\/\/infoglobalsur.ar\/?p=20889"},"modified":"2026-09-01T09:34:56","modified_gmt":"2026-09-01T12:34:56","slug":"el-gobierno-evaluara-en-gabinete-los-dichos-de-trump-sobre-malvinas","status":"publish","type":"post","link":"https:\/\/infoglobalsur.ar\/?p=20889","title":{"rendered":"El Gobierno evaluar\u00e1 en Gabinete los dichos de Trump sobre Malvinas"},"content":{"rendered":"\n<p>El presidente de la Naci\u00f3n, Javier Milei, se refiri\u00f3 al reciente anuncio del mandatario de los Estados Unidos, Donald Trump, quien se mostr\u00f3 dispuesto a revisar la postura hist\u00f3rica que su pa\u00eds ha mantenido sobre la soberan\u00eda de las Islas Malvinas. <\/p>\n\n\n\n<figure class=\"wp-block-image size-full is-resized\"><img loading=\"lazy\" decoding=\"async\" width=\"780\" height=\"90\" src=\"https:\/\/infoglobalsur.ar\/wp-content\/uploads\/2026\/08\/780x90-1.gif\" alt=\"\" class=\"wp-image-20719\" style=\"width:840px;height:auto\"\/><\/figure>\n\n\n\n<p>En una entrevista concedida al periodista Luis Gasulla en radio El Observador, el jefe de Estado anticip\u00f3 que este acontecimiento ocupar\u00e1 un lugar central en la agenda de la reuni\u00f3n de Gabinete convocada para este martes, al se\u00f1alar: \u201cAyer pas\u00f3 algo muy fuerte respecto a la causa m\u00e1s importante y sagrada que tenemos los argentinos\u201d.<\/p>\n\n\n\n<p>El pronunciamiento de Trump tuvo lugar el lunes en el Sal\u00f3n Oval, cuando ante los medios de comunicaci\u00f3n afirm\u00f3 que su administraci\u00f3n se encuentra evaluando la posici\u00f3n estadounidense sobre el archipi\u00e9lago del Atl\u00e1ntico Sur \u2014administrado por el Reino Unido y reclamado por la Argentina\u2014, indicando que revisa cada postura de manera individual. Desde el conflicto b\u00e9lico de 1982, Washington hab\u00eda sostenido hist\u00f3ricamente una pol\u00edtica de estricta neutralidad en torno a la disputa de soberan\u00eda.<\/p>\n\n\n\n<p><strong>Una profunda reflexi\u00f3n sobre el adi\u00f3s de Lionel Messi<\/strong><\/p>\n\n\n\n<p>En la primera parte del di\u00e1logo radial, la entrevista se inici\u00f3 con una extensa y sentida reflexi\u00f3n del presidente sobre el retiro de Lionel Messi de la Selecci\u00f3n Argentina, oficializado por el propio capit\u00e1n el 31 de agosto tras la final del Mundial 2026 frente a Espa\u00f1a. Milei defini\u00f3 la partida del astro como \u201cun dolor enorme\u201d y remarc\u00f3: \u201cEs el dolor de saber que el mejor de todos los tiempos ya no va a vestir nuestra casaca\u201d.<\/p>\n\n\n\n<p>El mandatario profundiz\u00f3 en su v\u00ednculo y admiraci\u00f3n hacia el rosarino, recordando que suele analizar su desempe\u00f1o a trav\u00e9s de estad\u00edsticas y materiales audiovisuales. En esa l\u00ednea, evoc\u00f3 un estudio acad\u00e9mico de origen brit\u00e1nico que eval\u00faa el rendimiento deportivo y sit\u00faa a Messi en una categor\u00eda de excepcionalidad absoluta. Seg\u00fan explic\u00f3 el presidente, mientras que los jugadores de \u00e9lite suelen presentar desv\u00edos positivos en algunas facetas del juego y mantenerse en la media en otras, \u201cMessi tiene m\u00e1s de seis desv\u00edos respecto a la media. No es normal c\u00f3mo juega al f\u00fatbol\u201d.<\/p>\n\n\n\n<p>Asimismo, el jefe de Estado atribuy\u00f3 las cr\u00edticas que el capit\u00e1n hist\u00f3rico supo recibir en el pasado por parte de un sector de la prensa y del p\u00fablico local a una suerte de \u201cpasi\u00f3n autodestructiva\u201d arraigada en la sociedad. A su entender, esta actitud responde a una cultura nacional condicionada por d\u00e9cadas de frustraciones colectivas, por lo que inst\u00f3 a dejar atr\u00e1s esa inercia y asumir que la Argentina posee la capacidad de ser la mejor.<\/p>\n\n\n\n<p><strong>Agenda de Gabinete y expectativas econ\u00f3micas e institucionales<\/strong><\/p>\n\n\n\n<p>En el tramo final de la entrevista, Milei adelant\u00f3 los ejes que estructurar\u00e1n el encuentro ministerial del d\u00eda. Indic\u00f3 que la reuni\u00f3n tendr\u00e1 como disparador un informe elaborado por el ministro Federico Sturzenegger, el cual desglosa indicadores orientados a refutar cuestionamientos de diversos sectores medi\u00e1ticos sobre el rumbo de la econom\u00eda. Del mismo modo, se prev\u00e9 el repaso habitual de las carteras ministeriales y el an\u00e1lisis de medidas orientadas a morigerar el impacto de la morosidad en las familias argentinas.<\/p>\n\n\n\n<p>Por \u00faltimo, el mandatario cerr\u00f3 la conversaci\u00f3n con gui\u00f1os hacia otros hitos de fuerte arraigo popular en el plano deportivo y cultural, aludiendo con entusiasmo a la posibilidad de gestionar el retorno del Gran Premio de Argentina de F\u00f3rmula 1 al calendario internacional.<\/p>\n","protected":false},"excerpt":{"rendered":"<p>El presidente de la Naci\u00f3n, Javier Milei, se refiri\u00f3 al reciente anuncio del mandatario de&#8230;<\/p>\n","protected":false},"author":1,"featured_media":47,"comment_status":"open","ping_status":"open","sticky":true,"template":"","format":"standard","meta":{"footnotes":""},"categories":[8],"tags":[],"_links":{"self":[{"href":"https:\/\/infoglobalsur.ar\/index.php?rest_route=\/wp\/v2\/posts\/20889"}],"collection":[{"href":"https:\/\/infoglobalsur.ar\/index.php?rest_route=\/wp\/v2\/posts"}],"about":[{"href":"https:\/\/infoglobalsur.ar\/index.php?rest_route=\/wp\/v2\/types\/post"}],"author":[{"embeddable":true,"href":"https:\/\/infoglobalsur.ar\/index.php?rest_route=\/wp\/v2\/users\/1"}],"replies":[{"embeddable":true,"href":"https:\/\/infoglobalsur.ar\/index.php?rest_route=%2Fwp%2Fv2%2Fcomments&post=20889"}],"version-history":[{"count":1,"href":"https:\/\/infoglobalsur.ar\/index.php?rest_route=\/wp\/v2\/posts\/20889\/revisions"}],"predecessor-version":[{"id":20890,"href":"https:\/\/infoglobalsur.ar\/index.php?rest_route=\/wp\/v2\/posts\/20889\/revisions\/20890"}],"wp:featuredmedia":[{"embeddable":true,"href":"https:\/\/infoglobalsur.ar\/index.php?rest_route=\/wp\/v2\/media\/47"}],"wp:attachment":[{"href":"https:\/\/infoglobalsur.ar\/index.php?rest_route=%2Fwp%2Fv2%2Fmedia&parent=20889"}],"wp:term":[{"taxonomy":"category","embeddable":true,"href":"https:\/\/infoglobalsur.ar\/index.php?rest_route=%2Fwp%2Fv2%2Fcategories&post=20889"},{"taxonomy":"post_tag","embeddable":true,"href":"https:\/\/infoglobalsur.ar\/index.php?rest_route=%2Fwp%2Fv2%2Ftags&post=20889"}],"curies":[{"name":"wp","href":"https:\/\/api.w.org\/{rel}","templated":true}]}}